{"id":174867,"date":"2022-12-25T14:00:00","date_gmt":"2022-12-25T12:00:00","guid":{"rendered":"https:\/\/www.tucomarca.com\/wordpress\/segunda\/?p=174867"},"modified":"2022-12-27T21:59:26","modified_gmt":"2022-12-27T19:59:26","slug":"la-guardia-civil-salva-la-vida-a-un-menor-de-6-anys-que-shavia-ennuegat-a-betera","status":"publish","type":"post","link":"https:\/\/www.tucomarca.com\/wordpress\/segunda\/ca\/la-guardia-civil-salva-la-vida-a-un-menor-de-6-anys-que-shavia-ennuegat-a-betera\/","title":{"rendered":"La Gu\u00e0rdia Civil salva la vida a un menor de 6 anys que s&#8217;havia ennuegat a B\u00e9tera"},"content":{"rendered":"\n<h4 class=\"wp-block-heading\">Un home es va personar en la caserna amb el seu fill de 6 anys, que a causa d&#8217;una ennuegada, presentava un color morat en el rostre degut a l&#8217;asf\u00edxia<\/h4>\n\n\n\n<h4 class=\"wp-block-heading\">Els gu\u00e0rdies civils es van alternar per a realitzar la maniobra de Heimlich fins que van aconseguir que el xicotet expulsara un caramel que havia quedat embossat obstruint les vies respirat\u00f2ries<\/h4>\n\n\n\n<p>La Gu\u00e0rdia Civil de Val\u00e8ncia salva la vida d&#8217;un menor de 6 anys que es va presentar juntament amb el seu pare en la caserna de B\u00e9tera amb signes d&#8217;asf\u00edxia. Els gu\u00e0rdies civils es van alternar per a realitzar la maniobra de Heimlich fins que van alliberar les vies respirat\u00f2ries del xiquet.&nbsp;<br>Els fets van tindre lloc sobre les 20.00 hores del dia 23 de desembre, quan un pare, molt nervi\u00f3s, va trucar a la porta de la caserna de B\u00e9tera de manera insistent. De manera angoixant els va explicar al gu\u00e0rdia civil de l&#8217;oficina que el seu fill, que presentava un color violaci, s&#8217;havia ennuegat i no podia respirar.<br>Mentre sol\u00b7licitava suport urgent a les patrulles de servei i al 112, va comen\u00e7ar a realitzar la maniobra de Heimlich per a tractar de salvar-li la vida. Als pocs minuts va arribar la patrulla de B\u00e9tera a l&#8217;aquarterament, substituint al seu company i continuant les labors d&#8217;auxili.<br>Finalment, mitjan\u00e7ant aqueixa maniobra d&#8217;emerg\u00e8ncia es va aconseguir que el xiquet expulsara el caramel que li impedia respirar en haver quedat atrapat en la seua gola. Va recuperar llavors un color normal, quedant alleujats tant ell com el seu pare. Posteriorment, va ser traslladat pels serveis d&#8217;emerg\u00e8ncia al Centre de Salut de la localitat, on es va sotmetre a un examen per a esbrinar possibles seq\u00fceles, que van quedar descartades.<br>La r\u00e0pida actuaci\u00f3 dels gu\u00e0rdies civils va permetre evitar conseq\u00fc\u00e8ncies tr\u00e0giques. La formaci\u00f3 dels serveis de seguretat en primers auxilis, aix\u00ed com els cursos que constantment es reben, permeten als components de la Gu\u00e0rdia Civil tindre formaci\u00f3 constantment actualitzada que permet atendre aquestes situacions.<br>La Gu\u00e0rdia Civil incideix en la import\u00e0ncia que, en aquests casos, es tracte de mantindre la calma. Resulta de vital import\u00e0ncia realitzar les t\u00e8cniques d&#8217;auxilis de manera adequada i oportuna, evitant agreujar, fruit de conductes imprudents, la situaci\u00f3 de la persona en perill.<br>Maniobres com la de Heimlich i altres primers auxilis s\u00f3n les responsables de solucionar o suavitzar els riscos propis de les situacions d&#8217;emerg\u00e8ncia. Igualment, \u00e9s important alertar al 112 quan es patisca una situaci\u00f3 aix\u00ed, perqu\u00e8 personal capacitat puga acudir immediatament per a fer-se c\u00e0rrec de la situaci\u00f3.<\/p>\n\n\n\n<p><\/p>\n","protected":false},"excerpt":{"rendered":"<div class=\"mh-excerpt\">Un home es va personar en la caserna amb el seu fill de 6 anys, que a causa d&#8217;una ennuegada, presentava un color morat en el rostre degut a l&#8217;asf\u00edxia Els gu\u00e0rdies civils es van <a class=\"mh-excerpt-more\" href=\"https:\/\/www.tucomarca.com\/wordpress\/segunda\/ca\/la-guardia-civil-salva-la-vida-a-un-menor-de-6-anys-que-shavia-ennuegat-a-betera\/\" title=\"La Gu\u00e0rdia Civil salva la vida a un menor de 6 anys que s&#8217;havia ennuegat a B\u00e9tera\">[+] <\/a><\/div>\n","protected":false},"author":12,"featured_media":174866,"comment_status":"open","ping_status":"open","sticky":false,"template":"","format":"standard","meta":{"footnotes":""},"categories":[10937,10892,10898,10894,10896,10897],"tags":[11202,10899,11118],"class_list":{"0":"post-174867","1":"post","2":"type-post","3":"status-publish","4":"format-standard","5":"has-post-thumbnail","7":"category-betera-ca","8":"category-camp-de-turia-ca","9":"category-ventana-ca","10":"category-la-comarca-ca","11":"category-seccion-ca","12":"category-sucesos-la-comarca-ca","13":"tag-betera-ca","14":"tag-camp-de-turia-ca","15":"tag-guardia-civil-ca"},"_links":{"self":[{"href":"https:\/\/www.tucomarca.com\/wordpress\/segunda\/ca\/wp-json\/wp\/v2\/posts\/174867","targetHints":{"allow":["GET"]}}],"collection":[{"href":"https:\/\/www.tucomarca.com\/wordpress\/segunda\/ca\/wp-json\/wp\/v2\/posts"}],"about":[{"href":"https:\/\/www.tucomarca.com\/wordpress\/segunda\/ca\/wp-json\/wp\/v2\/types\/post"}],"author":[{"embeddable":true,"href":"https:\/\/www.tucomarca.com\/wordpress\/segunda\/ca\/wp-json\/wp\/v2\/users\/12"}],"replies":[{"embeddable":true,"href":"https:\/\/www.tucomarca.com\/wordpress\/segunda\/ca\/wp-json\/wp\/v2\/comments?post=174867"}],"version-history":[{"count":0,"href":"https:\/\/www.tucomarca.com\/wordpress\/segunda\/ca\/wp-json\/wp\/v2\/posts\/174867\/revisions"}],"wp:featuredmedia":[{"embeddable":true,"href":"https:\/\/www.tucomarca.com\/wordpress\/segunda\/ca\/wp-json\/wp\/v2\/media\/174866"}],"wp:attachment":[{"href":"https:\/\/www.tucomarca.com\/wordpress\/segunda\/ca\/wp-json\/wp\/v2\/media?parent=174867"}],"wp:term":[{"taxonomy":"category","embeddable":true,"href":"https:\/\/www.tucomarca.com\/wordpress\/segunda\/ca\/wp-json\/wp\/v2\/categories?post=174867"},{"taxonomy":"post_tag","embeddable":true,"href":"https:\/\/www.tucomarca.com\/wordpress\/segunda\/ca\/wp-json\/wp\/v2\/tags?post=174867"}],"curies":[{"name":"wp","href":"https:\/\/api.w.org\/{rel}","templated":true}]}}