{"id":174874,"date":"2022-12-27T19:00:00","date_gmt":"2022-12-27T17:00:00","guid":{"rendered":"https:\/\/www.tucomarca.com\/wordpress\/segunda\/?p=174874"},"modified":"2022-12-27T22:47:59","modified_gmt":"2022-12-27T20:47:59","slug":"sis-linies-connectaran-per-autobus-la-serrania-el-raco-dademus-i-el-camp-de-turia-amb-valencia","status":"publish","type":"post","link":"https:\/\/www.tucomarca.com\/wordpress\/segunda\/ca\/sis-linies-connectaran-per-autobus-la-serrania-el-raco-dademus-i-el-camp-de-turia-amb-valencia\/","title":{"rendered":"Sis l\u00ednies connectaran per autob\u00fas la Serran\u00eda, el Rac\u00f3 d&#8217;Adem\u00fas i el Camp de T\u00faria amb Val\u00e8ncia"},"content":{"rendered":"\n<h4 class=\"wp-block-heading\">La Generalitat anuncia la licitaci\u00f3 a inicis d&#8217;any del servei d&#8217;autob\u00fas que connectar\u00e0 La Regi\u00f3 muntanyenca, El Rac\u00f3 d&#8217;Adem\u00fas i Camp de T\u00faria amb Val\u00e8ncia<br>Un total de 6 l\u00ednies permetr\u00e0 enlla\u00e7ar amb els principals punts d&#8217;atracci\u00f3 de les comarques i amb centres sanitaris i educatius de la ciutat de Val\u00e8ncia<br>L&#8217;actuaci\u00f3 compta amb un pressupost de 380.000 euros que es destinaran a millorar una xarxa auton\u00f2mica de transport p\u00fablic m\u00e9s vertebradora i que afavorisca la intermodalitat<\/h4>\n\n\n\n<p>La Conselleria de Pol\u00edtica Territorial, Obres P\u00fabliques i Mobilitat ha presentat el nou servei de transport de viatgers amb autob\u00fas que, mitjan\u00e7ant un contracte de concessi\u00f3 a empreses del transport de viatgers per carretera, donar\u00e0 cobertura a trav\u00e9s de 6 l\u00ednies a les comarques de La Regi\u00f3 muntanyenca, Rinc\u00f3n d&#8217;Adem\u00fas i Camp de T\u00faria.<\/p>\n\n\n\n<p>D&#8217;aquesta manera, es connectaran els diferents municipis amb les principals cap\u00e7aleres comarcals i amb la ciutat de Val\u00e8ncia. Aquest servei, aix\u00ed com el que es prestar\u00e0 en altres zones de les prov\u00edncies de Val\u00e8ncia, Castell\u00f3 i Alacant ser\u00e0 aprovat pel Consell, amb l&#8217;objectiu de procedir a la seua licitaci\u00f3 a principis de l&#8217;any 2023.<\/p>\n\n\n\n<p>La secret\u00e0ria auton\u00f2mica d&#8217;Obres P\u00fabliques i Mobilitat Sostenible, Mar\u00eda P\u00e9rez, al costat de la directora general d&#8217;Obres P\u00fabliques i Transports, Roser Obrer, ha presentat en el municipi de Marines les caracter\u00edstiques de \u201cuna xarxa auton\u00f2mica d&#8217;autobusos eficient, que contribuir\u00e0 a millorar la vertebraci\u00f3 del territori i que dona resposta a les necessitats de mobilitat dels ve\u00efns de les diferents comarques\u201d.<\/p>\n\n\n\n<p>\u201cEn un moment d&#8217;emerg\u00e8ncia clim\u00e0tica com l&#8217;actual, \u00e9s imprescindible avan\u00e7ar en solucions de descarbonitzaci\u00f3 a trav\u00e9s d&#8217;un transport p\u00fablic sostenible i de qualitat\u201d, ha afegit la secret\u00e0ria auton\u00f2mica.<\/p>\n\n\n\n<p>El projecte estar\u00e0 dotat amb una inversi\u00f3 anual de 380.000 euros \u201cper a millorar els fluxos de mobilitat de milers de ciutadans fins als principals municipis que s\u00f3n cap\u00e7alera de comarca, aix\u00ed com fins a enclavaments de refer\u00e8ncia com a centres sanitaris i hospitalaris, administratius o educatius com el campus de Burjassot de la Universitat de Val\u00e8ncia, entre altres.<\/p>\n\n\n\n<p>El servei, a trav\u00e9s de 20 expedicions di\u00e0ries, ampliar\u00e0 l&#8217;oferta en dies laborals i s&#8217;inclouran serveis en l&#8217;eix de la CV-35 durant el cap de setmana. A l&#8217;any, es prestaran m\u00e9s de 7.200 viatges que recorreran un total de 333.500 quil\u00f2metres.<\/p>\n\n\n\n<p>Aix\u00ed, la L\u00ednia 1 cobrir\u00e0 la ruta Castielfabib-Val\u00e8ncia; la l\u00ednia 2, Adem\u00fas, on es mantindr\u00e0 el servei a demanda i es podran duplicar o triplicar, en alguns casos, els serveis; l\u00ednia 3, Arcos de las Salinas-Alpont-Titaig\u00fces; l\u00ednia 4, el Villar; l\u00ednia 5, les Alcubles-Ll\u00edria i l\u00ednia 6, G\u00e0tova-Ll\u00edria.<\/p>\n\n\n\n<p>Per limitaci\u00f3 i proximitat geogr\u00e0fica, el servei destinat a la comarca de la Regi\u00f3 muntanyenca prestar\u00e0 cobertura en alguns municipis la demarcaci\u00f3 territorial dels quals pertany a la prov\u00edncia de Terol. D&#8217;aquesta manera, la totalitat dels municipis que comptaran amb cobertura d&#8217;aquest servei s\u00f3n Adem\u00fas, Cases Altes, Cases Baixes, Castielfabib, la Pobla de Sant Miquel, Torrebaixa, Vallanca, Abejuela, les Alcubles, Alpont, Andilla, Aras de los Olmos, Arcos de las Salinas, Casinos, Calles, Xelva, Xulilla, Domenyo, Sot de Xera, Figueroles de Domenyo, la Llosa del Bisbe, Santa Cruz de Moya, Titaig\u00fces, Toixa, el Villar, la Iessa, Marines, G\u00e0tova i Olocau.<\/p>\n\n\n\n<p>Aix\u00ed, \u201camb la posada en marxa d&#8217;aquest servei, passem d&#8217;una oferta de mobilitat millorable i un marc tarifari desintegrat, a una millora de l&#8217;accessibilitat i cobertura territorial, incorporant nous nuclis a la xarxa de transport, amb preus competitius per a arribar a m\u00e9s usuaris i una oferta basada en criteris de racionalitat i efici\u00e8ncia, a m\u00e9s d&#8217;introduir solucions addicionals de transport a la demanda per a xicotets municipis\u201d, ha exposat Mar\u00eda P\u00e9rez.<\/p>\n\n\n\n<p>A m\u00e9s, tal com ha destacat Mar\u00eda P\u00e9rez, \u201cdes de la Generalitat entenem que l&#8217;aposta per la intermodalitat ha d&#8217;estar en el centre de les actuacions per a optimitzar al m\u00e0xim les possibilitats que ofereixen les diferents maneres de transport\u201d. En aquest sentit, ha avan\u00e7at que les 6 l\u00ednies permetran en destinaci\u00f3 enlla\u00e7os directes amb estacions de Metrovalencia o l&#8217;estaci\u00f3 d&#8217;autobusos de Val\u00e8ncia.<\/p>\n\n\n\n<p>Finalment, la secret\u00e0ria auton\u00f2mica ha recordat que els usuaris d&#8217;aquest servei prestat a trav\u00e9s de l&#8217;empresa concession\u00e0ria podran beneficiar-se igualment de les mesures impulsades per la Generalitat per a fer front a la inflaci\u00f3 com el descompte addicional del 30% en el bitllet del transport p\u00fablic ampliat durant 2023.<\/p>\n\n\n\n<p><\/p>\n","protected":false},"excerpt":{"rendered":"<div class=\"mh-excerpt\">La Generalitat anuncia la licitaci\u00f3 a inicis d&#8217;any del servei d&#8217;autob\u00fas que connectar\u00e0 La Regi\u00f3 muntanyenca, El Rac\u00f3 d&#8217;Adem\u00fas i Camp de T\u00faria amb Val\u00e8nciaUn total de 6 l\u00ednies permetr\u00e0 enlla\u00e7ar amb els principals punts <a class=\"mh-excerpt-more\" href=\"https:\/\/www.tucomarca.com\/wordpress\/segunda\/ca\/sis-linies-connectaran-per-autobus-la-serrania-el-raco-dademus-i-el-camp-de-turia-amb-valencia\/\" title=\"Sis l\u00ednies connectaran per autob\u00fas la Serran\u00eda, el Rac\u00f3 d&#8217;Adem\u00fas i el Camp de T\u00faria amb Val\u00e8ncia\">[+] <\/a><\/div>\n","protected":false},"author":12,"featured_media":174873,"comment_status":"open","ping_status":"open","sticky":false,"template":"","format":"standard","meta":{"footnotes":""},"categories":[10890,10892,11046,10898,10948,10894,10904,10947,10896],"tags":[10899,11928,12039,18590],"class_list":{"0":"post-174874","1":"post","2":"type-post","3":"status-publish","4":"format-standard","5":"has-post-thumbnail","7":"category-ademus","8":"category-camp-de-turia-ca","9":"category-los-serranos-ca","10":"category-ventana-ca","11":"category-infraestructuras-ca","12":"category-la-comarca-ca","13":"category-sin-categorizar-ca","14":"category-politica","15":"category-seccion-ca","16":"tag-camp-de-turia-ca","17":"tag-la-serrania-ca","18":"tag-rincon-de-ademuz-ca","19":"tag-servicio-de-autobus-ca"},"_links":{"self":[{"href":"https:\/\/www.tucomarca.com\/wordpress\/segunda\/ca\/wp-json\/wp\/v2\/posts\/174874","targetHints":{"allow":["GET"]}}],"collection":[{"href":"https:\/\/www.tucomarca.com\/wordpress\/segunda\/ca\/wp-json\/wp\/v2\/posts"}],"about":[{"href":"https:\/\/www.tucomarca.com\/wordpress\/segunda\/ca\/wp-json\/wp\/v2\/types\/post"}],"author":[{"embeddable":true,"href":"https:\/\/www.tucomarca.com\/wordpress\/segunda\/ca\/wp-json\/wp\/v2\/users\/12"}],"replies":[{"embeddable":true,"href":"https:\/\/www.tucomarca.com\/wordpress\/segunda\/ca\/wp-json\/wp\/v2\/comments?post=174874"}],"version-history":[{"count":0,"href":"https:\/\/www.tucomarca.com\/wordpress\/segunda\/ca\/wp-json\/wp\/v2\/posts\/174874\/revisions"}],"wp:featuredmedia":[{"embeddable":true,"href":"https:\/\/www.tucomarca.com\/wordpress\/segunda\/ca\/wp-json\/wp\/v2\/media\/174873"}],"wp:attachment":[{"href":"https:\/\/www.tucomarca.com\/wordpress\/segunda\/ca\/wp-json\/wp\/v2\/media?parent=174874"}],"wp:term":[{"taxonomy":"category","embeddable":true,"href":"https:\/\/www.tucomarca.com\/wordpress\/segunda\/ca\/wp-json\/wp\/v2\/categories?post=174874"},{"taxonomy":"post_tag","embeddable":true,"href":"https:\/\/www.tucomarca.com\/wordpress\/segunda\/ca\/wp-json\/wp\/v2\/tags?post=174874"}],"curies":[{"name":"wp","href":"https:\/\/api.w.org\/{rel}","templated":true}]}}