{"id":174882,"date":"2022-12-28T09:00:00","date_gmt":"2022-12-28T07:00:00","guid":{"rendered":"https:\/\/www.tucomarca.com\/wordpress\/segunda\/?p=174882"},"modified":"2022-12-28T22:57:40","modified_gmt":"2022-12-28T20:57:40","slug":"ava-asaja-anuncia-ajudes-al-sector-vitivinicola-per-a-la-promocio-en-mercats-de-tercers-paisos","status":"publish","type":"post","link":"https:\/\/www.tucomarca.com\/wordpress\/segunda\/ca\/ava-asaja-anuncia-ajudes-al-sector-vitivinicola-per-a-la-promocio-en-mercats-de-tercers-paisos\/","title":{"rendered":"AVA -Asaja anuncia ajudes al sector vitivin\u00edcola per a la promoci\u00f3 en mercats de tercers pa\u00efsos"},"content":{"rendered":"\n<p>Segons ha avan\u00e7at l&#8217;organitzaci\u00f3 agr\u00e0ria AVA-Asaja va publicar la resoluci\u00f3 de 22 de desembre de 2022, del director de l&#8217;Ag\u00e8ncia Valenciana de Foment i Garantia Agr\u00e0ria, per la qual es convoquen per a 2023 les ajudes al sector vitivin\u00edcola de la Comunitat Valenciana. Estan orientades a la promoci\u00f3 i comunicaci\u00f3 en mercats de tercers pa\u00efsos recollides en la Intervenci\u00f3 Sectorial Vitivin\u00edcola.<\/p>\n\n\n\n<p>Amb aquesta mesura es pret\u00e9n incrementar la demanda de vins en pa\u00efsos tercers. Informa,&nbsp;<strong>Luis Ib\u00e1\u00f1ez.<\/strong><\/p>\n\n\n\n<p><\/p>\n","protected":false},"excerpt":{"rendered":"<div class=\"mh-excerpt\">Segons ha avan\u00e7at l&#8217;organitzaci\u00f3 agr\u00e0ria AVA-Asaja va publicar la resoluci\u00f3 de 22 de desembre de 2022, del director de l&#8217;Ag\u00e8ncia Valenciana de Foment i Garantia Agr\u00e0ria, per la qual es convoquen per a 2023 les <a class=\"mh-excerpt-more\" href=\"https:\/\/www.tucomarca.com\/wordpress\/segunda\/ca\/ava-asaja-anuncia-ajudes-al-sector-vitivinicola-per-a-la-promocio-en-mercats-de-tercers-paisos\/\" title=\"AVA -Asaja anuncia ajudes al sector vitivin\u00edcola per a la promoci\u00f3 en mercats de tercers pa\u00efsos\">[+] <\/a><\/div>\n","protected":false},"author":12,"featured_media":136838,"comment_status":"open","ping_status":"open","sticky":false,"template":"","format":"standard","meta":{"footnotes":""},"categories":[10905,10898,10948,10894,10904,10947,10896],"tags":[11924,18592],"class_list":{"0":"post-174882","1":"post","2":"type-post","3":"status-publish","4":"format-standard","5":"has-post-thumbnail","7":"category-agricultura-la-comarca-ca","8":"category-ventana-ca","9":"category-infraestructuras-ca","10":"category-la-comarca-ca","11":"category-sin-categorizar-ca","12":"category-politica","13":"category-seccion-ca","14":"tag-ava-asaja-ca","15":"tag-ayudas-al-sector-vitivinicola-ca"},"_links":{"self":[{"href":"https:\/\/www.tucomarca.com\/wordpress\/segunda\/ca\/wp-json\/wp\/v2\/posts\/174882","targetHints":{"allow":["GET"]}}],"collection":[{"href":"https:\/\/www.tucomarca.com\/wordpress\/segunda\/ca\/wp-json\/wp\/v2\/posts"}],"about":[{"href":"https:\/\/www.tucomarca.com\/wordpress\/segunda\/ca\/wp-json\/wp\/v2\/types\/post"}],"author":[{"embeddable":true,"href":"https:\/\/www.tucomarca.com\/wordpress\/segunda\/ca\/wp-json\/wp\/v2\/users\/12"}],"replies":[{"embeddable":true,"href":"https:\/\/www.tucomarca.com\/wordpress\/segunda\/ca\/wp-json\/wp\/v2\/comments?post=174882"}],"version-history":[{"count":0,"href":"https:\/\/www.tucomarca.com\/wordpress\/segunda\/ca\/wp-json\/wp\/v2\/posts\/174882\/revisions"}],"wp:featuredmedia":[{"embeddable":true,"href":"https:\/\/www.tucomarca.com\/wordpress\/segunda\/ca\/wp-json\/wp\/v2\/media\/136838"}],"wp:attachment":[{"href":"https:\/\/www.tucomarca.com\/wordpress\/segunda\/ca\/wp-json\/wp\/v2\/media?parent=174882"}],"wp:term":[{"taxonomy":"category","embeddable":true,"href":"https:\/\/www.tucomarca.com\/wordpress\/segunda\/ca\/wp-json\/wp\/v2\/categories?post=174882"},{"taxonomy":"post_tag","embeddable":true,"href":"https:\/\/www.tucomarca.com\/wordpress\/segunda\/ca\/wp-json\/wp\/v2\/tags?post=174882"}],"curies":[{"name":"wp","href":"https:\/\/api.w.org\/{rel}","templated":true}]}}