{"id":174889,"date":"2022-12-28T13:00:00","date_gmt":"2022-12-28T11:00:00","guid":{"rendered":"https:\/\/www.tucomarca.com\/wordpress\/segunda\/?p=174889"},"modified":"2022-12-28T23:28:05","modified_gmt":"2022-12-28T21:28:05","slug":"les-agrupacions-simfoniques-de-lartistica-de-bunyol-clausuren-el-cicle-nadalenc-de-concerts","status":"publish","type":"post","link":"https:\/\/www.tucomarca.com\/wordpress\/segunda\/ca\/les-agrupacions-simfoniques-de-lartistica-de-bunyol-clausuren-el-cicle-nadalenc-de-concerts\/","title":{"rendered":"Les agrupacions simf\u00f2niques de &#8220;L&#8217;Art\u00edstica&#8221; de Bunyol clausuren el cicle nadalenc de concerts"},"content":{"rendered":"\n<p>Divendres que ve 30 de desembre la Societat Musical L&#8217;Art\u00edstica tancar\u00e0 el seu cicle de concerts de Nadal amb el qual oferiran les dues agrupacions simf\u00f2niques: l&#8217;Orquestra i la Banda, totes dues sota la batuta del seu director titular Mario Ortu\u00f1o Gelardo.<br>L&#8217;Orquestra Simf\u00f2nica ser\u00e0 l&#8217;encarregada d&#8217;arrancar el concert amb \u201cConcert n\u00ba4 per a viol\u00ed i orquestra\u201d de W.A. Mozart, amb Eva Fuster Pedr\u00f3n, com a solista. La jove violinista, guanyadora del Concurs de Solistes \u201cLuis Ayll\u00f3n\u201d en la seua edici\u00f3 de 2021, delectar\u00e0 amb el seu talent i virtuosisme en la interpretaci\u00f3 d&#8217;aquest cl\u00e0ssic del compositor austr\u00edac. El repertori el completar\u00e0 \u201cL\u2019Arlesienne (suite n\u00ba2)\u201d de Georges Bizet, en els seus quatre moviments, i \u201cLiebeslieder Walzer\u201d de Johann Strauss II.<br>Per part seua, la Banda Simf\u00f2nica homenatjar\u00e0 el mestre Bernardo Adam Ferrero, mort recentment, interpretant \u201cDivertimento\u201d, obra del compositor valenci\u00e0 de 1982. Precisament aquest \u00e9s l&#8217;any de naixement de David Pont Ripoll, compositor de l&#8217;obra que la Banda Simf\u00f2nica de \u201cLos Feos\u201d estrenar\u00e0 en aquesta cita.&nbsp;<br>Professor de Tromb\u00f3 de la Banda Simf\u00f2nica Municipal de Val\u00e8ncia, David Pont ha compost peces de diferent naturalesa, des de pasdobles a marxes cristianes i mores, passant per obres per a quintet de metall o duo de trombons, sent estrenades per la Banda Simf\u00f2nica Municipal de Val\u00e8ncia, aix\u00ed com professors solistes de l&#8217;Orquestra Nacional d&#8217;Espanya i de l&#8217;Orquestra de Val\u00e8ncia. Com a trombonista, ha sigut guardonat en diferents concursos d&#8217;interpretaci\u00f3 internacionals i ha tingut l&#8217;honor que compositors com Oliver Rappoport, Ant\u00f3n Alcalde o V\u00edctor Vall\u00e9s li dediquen les seues obres. \u201cLa ruta\u201d \u00e9s l&#8217;obra que \u201cLos Feos\u201d estrenaran de manera absoluta, una composici\u00f3 per a banda i grup solista, format per soprano, piano, bateria i baix el\u00e8ctric. Es tracta d&#8217;un homenatge al moviment contracultural que va n\u00e0ixer a Val\u00e8ncia i que es va convertir en el major moviment clubbing d&#8217;Espanya, arribant a situar a la ruta com a epicentre de la m\u00fasica electr\u00f2nica.<br>Com a colof\u00f3 al concert, la Banda Simf\u00f2nica interpretar\u00e0 \u201cLa v\u00eddua valenciana\u201d d&#8217;Aran Khachaturian, una de les obres emblem\u00e0tiques del compositor sovi\u00e8tic d&#8217;origen armeni. Aquesta composici\u00f3 va ser el seu primer treball important per al teatre, ja que es tracta de la m\u00fasica esc\u00e8nica per a la com\u00e8dia de Lope de Vega del mateix t\u00edtol. Composta en 1940, el compositor va extraure una suite orquestral en 1957. Com a tancament del concert, la Banda Simf\u00f2nica interpretar\u00e0 el \u201cHimne de Los Feos\u201d d&#8217;Alejandro Peris, tradicional tancament de les cites musicals de \u201cLos Feos\u201d.<\/p>\n\n\n\n<p><\/p>\n","protected":false},"excerpt":{"rendered":"<div class=\"mh-excerpt\">Divendres que ve 30 de desembre la Societat Musical L&#8217;Art\u00edstica tancar\u00e0 el seu cicle de concerts de Nadal amb el qual oferiran les dues agrupacions simf\u00f2niques: l&#8217;Orquestra i la Banda, totes dues sota la batuta <a class=\"mh-excerpt-more\" href=\"https:\/\/www.tucomarca.com\/wordpress\/segunda\/ca\/les-agrupacions-simfoniques-de-lartistica-de-bunyol-clausuren-el-cicle-nadalenc-de-concerts\/\" title=\"Les agrupacions simf\u00f2niques de &#8220;L&#8217;Art\u00edstica&#8221; de Bunyol clausuren el cicle nadalenc de concerts\">[+] <\/a><\/div>\n","protected":false},"author":12,"featured_media":174888,"comment_status":"open","ping_status":"open","sticky":false,"template":"","format":"standard","meta":{"footnotes":""},"categories":[11019,10911,11005,10894,10912,10896],"tags":[10913,10914,11154],"class_list":{"0":"post-174889","1":"post","2":"type-post","3":"status-publish","4":"format-standard","5":"has-post-thumbnail","7":"category-agenda-ca","8":"category-bunol-ca","9":"category-canal-musica","10":"category-la-comarca-ca","11":"category-la-hoya-ca","12":"category-seccion-ca","13":"tag-bunol-ca","14":"tag-la-hoya-de-bunol-chiva-ca","15":"tag-sm-la-artistica-de-bunol-ca"},"_links":{"self":[{"href":"https:\/\/www.tucomarca.com\/wordpress\/segunda\/ca\/wp-json\/wp\/v2\/posts\/174889","targetHints":{"allow":["GET"]}}],"collection":[{"href":"https:\/\/www.tucomarca.com\/wordpress\/segunda\/ca\/wp-json\/wp\/v2\/posts"}],"about":[{"href":"https:\/\/www.tucomarca.com\/wordpress\/segunda\/ca\/wp-json\/wp\/v2\/types\/post"}],"author":[{"embeddable":true,"href":"https:\/\/www.tucomarca.com\/wordpress\/segunda\/ca\/wp-json\/wp\/v2\/users\/12"}],"replies":[{"embeddable":true,"href":"https:\/\/www.tucomarca.com\/wordpress\/segunda\/ca\/wp-json\/wp\/v2\/comments?post=174889"}],"version-history":[{"count":0,"href":"https:\/\/www.tucomarca.com\/wordpress\/segunda\/ca\/wp-json\/wp\/v2\/posts\/174889\/revisions"}],"wp:featuredmedia":[{"embeddable":true,"href":"https:\/\/www.tucomarca.com\/wordpress\/segunda\/ca\/wp-json\/wp\/v2\/media\/174888"}],"wp:attachment":[{"href":"https:\/\/www.tucomarca.com\/wordpress\/segunda\/ca\/wp-json\/wp\/v2\/media?parent=174889"}],"wp:term":[{"taxonomy":"category","embeddable":true,"href":"https:\/\/www.tucomarca.com\/wordpress\/segunda\/ca\/wp-json\/wp\/v2\/categories?post=174889"},{"taxonomy":"post_tag","embeddable":true,"href":"https:\/\/www.tucomarca.com\/wordpress\/segunda\/ca\/wp-json\/wp\/v2\/tags?post=174889"}],"curies":[{"name":"wp","href":"https:\/\/api.w.org\/{rel}","templated":true}]}}