{"id":174906,"date":"2022-12-28T11:30:00","date_gmt":"2022-12-28T09:30:00","guid":{"rendered":"https:\/\/www.tucomarca.com\/wordpress\/segunda\/?p=174906"},"modified":"2022-12-28T23:25:25","modified_gmt":"2022-12-28T21:25:25","slug":"la-programacio-cultural-portara-al-liceu-de-xest-cinema-dactualitat-durant-els-mesos-de-gener-i-febrer","status":"publish","type":"post","link":"https:\/\/www.tucomarca.com\/wordpress\/segunda\/ca\/la-programacio-cultural-portara-al-liceu-de-xest-cinema-dactualitat-durant-els-mesos-de-gener-i-febrer\/","title":{"rendered":"La programaci\u00f3 cultural portar\u00e0 al Liceu de Xest cinema d&#8217;actualitat durant els mesos de gener i febrer"},"content":{"rendered":"\n<p>La regidoria de Cultura ha programat 8 sessions de cinema d&#8217;actualitat per als mesos de gener i febrer, amb pel\u00b7l\u00edcules d&#8217;estrena de diferents g\u00e8neres.<\/p>\n\n\n\n<p>El cicle comen\u00e7ar\u00e0 el 7 de gener, dissabte, amb la projecci\u00f3 de Tadeo Jones 3: La taula maragda, una pel\u00b7l\u00edcula d&#8217;animaci\u00f3 per a tots els p\u00fablics, que tindr\u00e0 lloc a les 18.00 en el teatre Liceu. Aqueix mateix cap de setmana, es projectar\u00e0 Elvis, el dia 8 de gener, a les 19.00. Les sessions continuaran cada diumenge a les 19.00 fins al 26 de febrer, exceptuant el dia 22 de gener, amb els t\u00edtols Bona sort Leo Gran, As Bestas, Viatge al parad\u00eds, Aftersun, Viatge a Par\u00eds de la Senyora Harris i M&#8217;ho passar\u00e9 b\u00e9.<\/p>\n\n\n\n<p>Com \u00e9s habitual, s&#8217;obrir\u00e0 la venda anticipada d&#8217;entrades en els quioscos de la localitat i en la web www.agendacheste.com, amb un preu de 3 euros per entrada. L&#8217;adquisici\u00f3 en taquilla ser\u00e0 de 3,50 euros i es podr\u00e0 realitzar el mateix dia de cada projecci\u00f3, una hora abans de l&#8217;inici d&#8217;aquesta. El preu de l&#8217;entrada infantil, per a xiquets i xiquetes d&#8217;entre 7 i 14 anys, ser\u00e0 de 2 euros.<\/p>\n\n\n\n<p><\/p>\n","protected":false},"excerpt":{"rendered":"<div class=\"mh-excerpt\">La regidoria de Cultura ha programat 8 sessions de cinema d&#8217;actualitat per als mesos de gener i febrer, amb pel\u00b7l\u00edcules d&#8217;estrena de diferents g\u00e8neres. El cicle comen\u00e7ar\u00e0 el 7 de gener, dissabte, amb la projecci\u00f3 <a class=\"mh-excerpt-more\" href=\"https:\/\/www.tucomarca.com\/wordpress\/segunda\/ca\/la-programacio-cultural-portara-al-liceu-de-xest-cinema-dactualitat-durant-els-mesos-de-gener-i-febrer\/\" title=\"La programaci\u00f3 cultural portar\u00e0 al Liceu de Xest cinema d&#8217;actualitat durant els mesos de gener i febrer\">[+] <\/a><\/div>\n","protected":false},"author":12,"featured_media":174905,"comment_status":"open","ping_status":"open","sticky":false,"template":"","format":"standard","meta":{"footnotes":""},"categories":[11019,10894,10912,10896,10974],"tags":[11071,10914,18593,14126],"class_list":{"0":"post-174906","1":"post","2":"type-post","3":"status-publish","4":"format-standard","5":"has-post-thumbnail","7":"category-agenda-ca","8":"category-la-comarca-ca","9":"category-la-hoya-ca","10":"category-seccion-ca","11":"category-cheste-ca","12":"tag-cheste","13":"tag-la-hoya-de-bunol-chiva-ca","14":"tag-liceo-de-cheste-ca","15":"tag-programacion-cultural-ca"},"_links":{"self":[{"href":"https:\/\/www.tucomarca.com\/wordpress\/segunda\/ca\/wp-json\/wp\/v2\/posts\/174906","targetHints":{"allow":["GET"]}}],"collection":[{"href":"https:\/\/www.tucomarca.com\/wordpress\/segunda\/ca\/wp-json\/wp\/v2\/posts"}],"about":[{"href":"https:\/\/www.tucomarca.com\/wordpress\/segunda\/ca\/wp-json\/wp\/v2\/types\/post"}],"author":[{"embeddable":true,"href":"https:\/\/www.tucomarca.com\/wordpress\/segunda\/ca\/wp-json\/wp\/v2\/users\/12"}],"replies":[{"embeddable":true,"href":"https:\/\/www.tucomarca.com\/wordpress\/segunda\/ca\/wp-json\/wp\/v2\/comments?post=174906"}],"version-history":[{"count":0,"href":"https:\/\/www.tucomarca.com\/wordpress\/segunda\/ca\/wp-json\/wp\/v2\/posts\/174906\/revisions"}],"wp:featuredmedia":[{"embeddable":true,"href":"https:\/\/www.tucomarca.com\/wordpress\/segunda\/ca\/wp-json\/wp\/v2\/media\/174905"}],"wp:attachment":[{"href":"https:\/\/www.tucomarca.com\/wordpress\/segunda\/ca\/wp-json\/wp\/v2\/media?parent=174906"}],"wp:term":[{"taxonomy":"category","embeddable":true,"href":"https:\/\/www.tucomarca.com\/wordpress\/segunda\/ca\/wp-json\/wp\/v2\/categories?post=174906"},{"taxonomy":"post_tag","embeddable":true,"href":"https:\/\/www.tucomarca.com\/wordpress\/segunda\/ca\/wp-json\/wp\/v2\/tags?post=174906"}],"curies":[{"name":"wp","href":"https:\/\/api.w.org\/{rel}","templated":true}]}}