{"id":174912,"date":"2022-12-28T11:55:00","date_gmt":"2022-12-28T09:55:00","guid":{"rendered":"https:\/\/www.tucomarca.com\/wordpress\/segunda\/?p=174912"},"modified":"2022-12-28T23:15:54","modified_gmt":"2022-12-28T21:15:54","slug":"el-govern-municipal-arriba-a-2023-amb-el-85-dels-seus-compromisos-amb-la-ciutadania-complits","status":"publish","type":"post","link":"https:\/\/www.tucomarca.com\/wordpress\/segunda\/ca\/el-govern-municipal-arriba-a-2023-amb-el-85-dels-seus-compromisos-amb-la-ciutadania-complits\/","title":{"rendered":"El Govern Municipal de Benaguasil arriba a 2023 amb el 85% dels seus compromisos amb la ciutadania complits"},"content":{"rendered":"\n<h4 class=\"wp-block-heading\">Aquests compromisos complits s\u00f3n fruit de l&#8217;intens treball de tot l&#8217;equip municipal i de tota la plantilla de l&#8217;Ajuntament de Benaguasil.&nbsp;<\/h4>\n\n\n\n<p>La pol\u00edtica duta a terme ha sigut la d&#8217;estar&nbsp; al costat de les persones i de les empreses que en aquests temps han necessitat de l&#8217;administraci\u00f3, i la de no incrementar taxes ni impostos.<br>El Govern Municipal de Ximo Segarra dona per compliments el 85% dels compromisos adquirits amb la ciutadania per al per\u00edode 2019-2023. Aix\u00ed ho ha manifestat el regidor de Govern Obert, Stephane Soriano, mancant 6 mesos per a acabar aquesta at\u00edpica legislatura marcada per la pand\u00e8mia del COVID-19.<br>I \u00e9s que a pesar que ha sigut una legislatura \u201cat\u00edpica i complicada per les circumst\u00e0ncies viscudes, des del govern local hem treballat amb responsabilitat, serietat i efic\u00e0cia per a donar resposta a les demandes dels ciutadans\u201d, ha assenyalat el regidor.<\/p>\n\n\n\n<p>Durant tot aquest temps han sigut moltes les actuacions dutes a terme amb la finalitat de transformar Benaguasil i generar m\u00e9s oportunitats en tots els \u00e0mbits; des de donar resposta a les persones que m\u00e9s necessitats puguen tindre, a posar en marxa actuacions que servisquen per a crear infraestructures i inversions.<br>Entre els objectius complits m\u00e9s significatius destaquen la posada en marxa del Espai de la Dona, la millora de la seguretat a trav\u00e9s de drons o la instal\u00b7laci\u00f3 de c\u00e0meres de v\u00eddeo vigil\u00e0ncia, la posada en marxa d&#8217;ajudes econ\u00f2miques per a les explotacions agr\u00edcoles, les actuacions de repavimentaci\u00f3 i manteniment de camins rurals, l&#8217;elaboraci\u00f3 del Pla de Mobilitat Urbana Sostenible i del Pla Local de Residus, la incorporaci\u00f3 de noves estacions amb punts de rec\u00e0rrega per a vehicles el\u00e8ctrics, la posada en funcionament d&#8217;un P\u00e0rquing P\u00fablic Comercial al Carrer Palau, la renovaci\u00f3 del camp de futbol 7, la reforma de les pistes de tennis, p\u00e0del, la creaci\u00f3 de depend\u00e8ncies per als clubs i millora de l&#8217;accessibilitat per al Complex Esportiu Municipal, o la participaci\u00f3 de Benaguasil en 10 projectes europeus.<br>A tot aix\u00f2 se suma el comprom\u00eds de no incrementar taxes ni impostos municipals, les millores en llumin\u00e0ries, l&#8217;elaboraci\u00f3 del Pla Estrat\u00e8gic Municipal i del Pla Antifrau, el nou servei per a atendre incid\u00e8ncies, la posada en marxa de programes de joventut, la remodelaci\u00f3 de les \u00e0rees de joc o el nou col\u00b7lector de pluvials.<br>Quant a les previsions per als pr\u00f2xims mesos, Stephane ha destacat la remodelaci\u00f3 de l&#8217;antiga estaci\u00f3 de Dalt i del seu entorn amb una inversi\u00f3 de 500.000 euros, la posada en marxa de dos nous tallers d&#8217;ocupaci\u00f3 amb una inversi\u00f3 d&#8217;un mili\u00f3 d&#8217;euros, i continuar construint un municipi de qualitat de vida anteposant sempre a les persones per damunt de les idees. En aquest sentit l&#8217;edil ha manifestat que \u201cencara que els compromisos adquirits davant la ciutadania ja estan pr\u00e0cticament complits, no reduirem el ritme de treball ni la il\u00b7lusi\u00f3 per a realitzar nous projectes que contribu\u00efsquen a millorar el benestar i la qualitat de vida dels ve\u00efns de Benaguasil\u201d.<\/p>\n\n\n\n<p><\/p>\n","protected":false},"excerpt":{"rendered":"<div class=\"mh-excerpt\">Aquests compromisos complits s\u00f3n fruit de l&#8217;intens treball de tot l&#8217;equip municipal i de tota la plantilla de l&#8217;Ajuntament de Benaguasil.&nbsp; La pol\u00edtica duta a terme ha sigut la d&#8217;estar&nbsp; al costat de les persones <a class=\"mh-excerpt-more\" href=\"https:\/\/www.tucomarca.com\/wordpress\/segunda\/ca\/el-govern-municipal-arriba-a-2023-amb-el-85-dels-seus-compromisos-amb-la-ciutadania-complits\/\" title=\"El Govern Municipal de Benaguasil arriba a 2023 amb el 85% dels seus compromisos amb la ciutadania complits\">[+] <\/a><\/div>\n","protected":false},"author":12,"featured_media":174911,"comment_status":"open","ping_status":"open","sticky":false,"template":"","format":"standard","meta":{"footnotes":""},"categories":[10952,10892,10948,10894,10947,10896],"tags":[11136,10899,18594],"class_list":{"0":"post-174912","1":"post","2":"type-post","3":"status-publish","4":"format-standard","5":"has-post-thumbnail","7":"category-benaguasil-ca","8":"category-camp-de-turia-ca","9":"category-infraestructuras-ca","10":"category-la-comarca-ca","11":"category-politica","12":"category-seccion-ca","13":"tag-benaguasil-ca","14":"tag-camp-de-turia-ca","15":"tag-gobierno-local-ca"},"_links":{"self":[{"href":"https:\/\/www.tucomarca.com\/wordpress\/segunda\/ca\/wp-json\/wp\/v2\/posts\/174912","targetHints":{"allow":["GET"]}}],"collection":[{"href":"https:\/\/www.tucomarca.com\/wordpress\/segunda\/ca\/wp-json\/wp\/v2\/posts"}],"about":[{"href":"https:\/\/www.tucomarca.com\/wordpress\/segunda\/ca\/wp-json\/wp\/v2\/types\/post"}],"author":[{"embeddable":true,"href":"https:\/\/www.tucomarca.com\/wordpress\/segunda\/ca\/wp-json\/wp\/v2\/users\/12"}],"replies":[{"embeddable":true,"href":"https:\/\/www.tucomarca.com\/wordpress\/segunda\/ca\/wp-json\/wp\/v2\/comments?post=174912"}],"version-history":[{"count":0,"href":"https:\/\/www.tucomarca.com\/wordpress\/segunda\/ca\/wp-json\/wp\/v2\/posts\/174912\/revisions"}],"wp:featuredmedia":[{"embeddable":true,"href":"https:\/\/www.tucomarca.com\/wordpress\/segunda\/ca\/wp-json\/wp\/v2\/media\/174911"}],"wp:attachment":[{"href":"https:\/\/www.tucomarca.com\/wordpress\/segunda\/ca\/wp-json\/wp\/v2\/media?parent=174912"}],"wp:term":[{"taxonomy":"category","embeddable":true,"href":"https:\/\/www.tucomarca.com\/wordpress\/segunda\/ca\/wp-json\/wp\/v2\/categories?post=174912"},{"taxonomy":"post_tag","embeddable":true,"href":"https:\/\/www.tucomarca.com\/wordpress\/segunda\/ca\/wp-json\/wp\/v2\/tags?post=174912"}],"curies":[{"name":"wp","href":"https:\/\/api.w.org\/{rel}","templated":true}]}}