{"id":174918,"date":"2022-12-28T12:00:00","date_gmt":"2022-12-28T10:00:00","guid":{"rendered":"https:\/\/www.tucomarca.com\/wordpress\/segunda\/?p=174918"},"modified":"2022-12-28T23:09:06","modified_gmt":"2022-12-28T21:09:06","slug":"la-diputacio-inicia-les-obres-de-millora-en-diverses-carreteres-de-camp-de-turia-lhorta-i-la-serrania","status":"publish","type":"post","link":"https:\/\/www.tucomarca.com\/wordpress\/segunda\/ca\/la-diputacio-inicia-les-obres-de-millora-en-diverses-carreteres-de-camp-de-turia-lhorta-i-la-serrania\/","title":{"rendered":"La Diputaci\u00f3 inicia les obres de millora en diverses carreteres de Camp de T\u00faria, L&#8217;Horta i La Serran\u00eda"},"content":{"rendered":"\n<h4 class=\"wp-block-heading\">L&#8217;\u00e0rea de Carreteres de la corporaci\u00f3 projecta refor\u00e7ar el ferm de les carreteres CV-310 entre N\u00e0quera i Serra, la CV-413 (Pla de Quart) entre Torrent i Aldaia, i la CV-339 que va de Ll\u00edria a Alcublas<\/h4>\n\n\n\n<h4 class=\"wp-block-heading\">El conjunt dels treballs compta amb un pressupost de dos milions d&#8217;euros i un termini d&#8217;execuci\u00f3 de cinc mesos<\/h4>\n\n\n\n<p>La Diputaci\u00f3 de Val\u00e8ncia ha donat principi a les obres que dur\u00e0 a terme en un total de tres carreteres pertanyents a les comarques de Camp de T\u00faria, L&#8217;Horta i La Serran\u00eda. En concret, l&#8217;\u00e0rea de Carreteres que dirigix el diputat Rafa Garc\u00eda, realitzar\u00e0 actuacions en la CV-310 entre N\u00e0quera i Serra, la CV-413 (Carretera del Pla de Quart) entre Torrent i Aldaia, i la CV-339 que va de Ll\u00edria a Alcublas.<\/p>\n\n\n\n<p>L&#8217;objectiu de la corporaci\u00f3 provincial amb estos tres projectes \u00e9s millorar la seguretat del tr\u00e0nsit en estas carreteres mitjan\u00e7ant el refor\u00e7 del ferm, la instal\u00b7laci\u00f3 de noves barreres de seguretat, i una major senyalitzaci\u00f3 vertical i horitzontal. El pressupost total supera els dos milions d&#8217;euros i el termini d&#8217;execuci\u00f3 estimat \u00e9s de cinc mesos.<\/p>\n\n\n\n<p>D&#8217;esta manera, en la CV-310 les obres es desenvoluparan entre la ronda de N\u00e0quera i el final de la travessia de Serra. Es preveu la reparaci\u00f3 de les zones m\u00e9s deteriorades i la posterior pavimentaci\u00f3 de tot el tram. A m\u00e9s, es procedir\u00e0 a la reposici\u00f3 de passos per als vianants sobreelevados i reductors de velocitat. La inversi\u00f3 en esta actuaci\u00f3 ascendix als 430.000 euros.<\/p>\n\n\n\n<p>Quant als treballs en la Carretera del Pla de Quart (CV-413), consistiran aix\u00ed mateix en la reparaci\u00f3 i refor\u00e7ament del ferm i la seua conseg\u00fcent pavimentaci\u00f3. L&#8217;actuaci\u00f3 tamb\u00e9 contempla la millora del ferm en el tram de la connexi\u00f3 entre la carretera CV-413 amb la CV-36, a causa de la deterioraci\u00f3 patida per esta via pel pas de vehicles pesants, aix\u00ed com la renovaci\u00f3 del sistema de contenci\u00f3 en l&#8217;estructura sobre el Barranc dels Cavalls. El desemborsament en este cas \u00e9s de 890.000 euros.<\/p>\n\n\n\n<p>Finalment, el projecte de millora de la CV-339, que va de Ll\u00edria a Alcublas, se centra igualment en la reparaci\u00f3 i repavimentaci\u00f3 de la cal\u00e7ada, per a aix\u00f2 hi ha previst un pressupost de 710.000 euros.<\/p>\n\n\n\n<p>Cal destacar que en les tres actuacions s&#8217;empraran asfalts no convencionals, de gross\u00e0ria redu\u00efda i altes prestacions, amb l&#8217;objectiu d&#8217;optimitzar els processos de fabricaci\u00f3 i posada en obra, reduint les emissions de CO\u2082 i les necessitats de transport, augmentant al seu torn la vida \u00fatil del ferm de les carreteres.<\/p>\n\n\n\n<h4 class=\"wp-block-heading\"><\/h4>\n","protected":false},"excerpt":{"rendered":"<div class=\"mh-excerpt\">L&#8217;\u00e0rea de Carreteres de la corporaci\u00f3 projecta refor\u00e7ar el ferm de les carreteres CV-310 entre N\u00e0quera i Serra, la CV-413 (Pla de Quart) entre Torrent i Aldaia, i la CV-339 que va de Ll\u00edria a <a class=\"mh-excerpt-more\" href=\"https:\/\/www.tucomarca.com\/wordpress\/segunda\/ca\/la-diputacio-inicia-les-obres-de-millora-en-diverses-carreteres-de-camp-de-turia-lhorta-i-la-serrania\/\" title=\"La Diputaci\u00f3 inicia les obres de millora en diverses carreteres de Camp de T\u00faria, L&#8217;Horta i La Serran\u00eda\">[+] <\/a><\/div>\n","protected":false},"author":12,"featured_media":174917,"comment_status":"open","ping_status":"open","sticky":false,"template":"","format":"standard","meta":{"footnotes":""},"categories":[10892,11046,10898,10948,10894,10947,10896],"tags":[10899,13371,11246,11928],"class_list":{"0":"post-174918","1":"post","2":"type-post","3":"status-publish","4":"format-standard","5":"has-post-thumbnail","7":"category-camp-de-turia-ca","8":"category-los-serranos-ca","9":"category-ventana-ca","10":"category-infraestructuras-ca","11":"category-la-comarca-ca","12":"category-politica","13":"category-seccion-ca","14":"tag-camp-de-turia-ca","15":"tag-carreteras-diputacion-ca","16":"tag-diputacio-de-valencia-ca","17":"tag-la-serrania-ca"},"_links":{"self":[{"href":"https:\/\/www.tucomarca.com\/wordpress\/segunda\/ca\/wp-json\/wp\/v2\/posts\/174918","targetHints":{"allow":["GET"]}}],"collection":[{"href":"https:\/\/www.tucomarca.com\/wordpress\/segunda\/ca\/wp-json\/wp\/v2\/posts"}],"about":[{"href":"https:\/\/www.tucomarca.com\/wordpress\/segunda\/ca\/wp-json\/wp\/v2\/types\/post"}],"author":[{"embeddable":true,"href":"https:\/\/www.tucomarca.com\/wordpress\/segunda\/ca\/wp-json\/wp\/v2\/users\/12"}],"replies":[{"embeddable":true,"href":"https:\/\/www.tucomarca.com\/wordpress\/segunda\/ca\/wp-json\/wp\/v2\/comments?post=174918"}],"version-history":[{"count":0,"href":"https:\/\/www.tucomarca.com\/wordpress\/segunda\/ca\/wp-json\/wp\/v2\/posts\/174918\/revisions"}],"wp:featuredmedia":[{"embeddable":true,"href":"https:\/\/www.tucomarca.com\/wordpress\/segunda\/ca\/wp-json\/wp\/v2\/media\/174917"}],"wp:attachment":[{"href":"https:\/\/www.tucomarca.com\/wordpress\/segunda\/ca\/wp-json\/wp\/v2\/media?parent=174918"}],"wp:term":[{"taxonomy":"category","embeddable":true,"href":"https:\/\/www.tucomarca.com\/wordpress\/segunda\/ca\/wp-json\/wp\/v2\/categories?post=174918"},{"taxonomy":"post_tag","embeddable":true,"href":"https:\/\/www.tucomarca.com\/wordpress\/segunda\/ca\/wp-json\/wp\/v2\/tags?post=174918"}],"curies":[{"name":"wp","href":"https:\/\/api.w.org\/{rel}","templated":true}]}}