{"id":174924,"date":"2022-12-28T10:00:00","date_gmt":"2022-12-28T08:00:00","guid":{"rendered":"https:\/\/www.tucomarca.com\/wordpress\/segunda\/?p=174924"},"modified":"2022-12-28T22:59:56","modified_gmt":"2022-12-28T20:59:56","slug":"el-pp-de-requena-no-dona-credibilitat-a-les-promeses-de-mario-sanchez-de-millorar-la-imatge-del-municipi","status":"publish","type":"post","link":"https:\/\/www.tucomarca.com\/wordpress\/segunda\/ca\/el-pp-de-requena-no-dona-credibilitat-a-les-promeses-de-mario-sanchez-de-millorar-la-imatge-del-municipi\/","title":{"rendered":"El PP de Requena &#8220;no dona credibilitat a les promeses de Mario S\u00e1nchez de millorar la imatge del municipi&#8221;"},"content":{"rendered":"\n<p>Les promeses de l&#8217;alcalde &#8220;no tenen credibilitat a la vista de com ha estat el nostre municipi durant els 8 anys que porta governant.<\/p>\n\n\n\n<p>Fins i tot la neteja de cara que intenta fer el govern municipal en aquest any electoral \u00e9s incapa\u00e7 d&#8217;esborrar la deixadesa i des\u00eddia que ha patit&#8221; asseguren els populars de Requena.<br>Els 8 anys que porta en el govern l&#8217;actual alcalde, &#8220;han deixat en evid\u00e8ncia com amb super\u00e0vit i comptes sanejats ha sigut incapa\u00e7 de tindre el nostre municipi amb el manteniment i bona imatge que ha de tindre tant per a ve\u00efns com visitants&#8221; afirmen les fonts.<br>Des del Partit Popular consideren que &#8220;aix\u00f2 no se soluciona amb una legislatura m\u00e9s d&#8217;aquest govern, sin\u00f3 que \u00e9s necessari que hi haja un canvi. Un canvi de govern ser\u00e0 el que s\u00ed que ajudar\u00e0 al fet que millore la imatge del nostre municipi gr\u00e0cies al treball i manteniment que ha de realitzar-se peri\u00f2dicament i no quan arriben les eleccions&#8221;.<br>&#8220;Els requenenses estem cansats de promeses incomplides i de veure un municipi amb tantes possibilitats com el nostre en mans d&#8217;aquest govern que no sap aprofitar-les, estant en pitjor estat que mai. El canvi \u00e9s necessari, i el nostre municipi ha de tornar a tindre una imatge atractiva per a gaudi de tots. Imatge que aquest govern \u00e9s incapa\u00e7 de donar-li&#8221; conclouen els populars. Informa, <strong>Luis Ib\u00e1\u00f1ez<\/strong>.<\/p>\n\n\n\n<p><\/p>\n","protected":false},"excerpt":{"rendered":"<div class=\"mh-excerpt\">Les promeses de l&#8217;alcalde &#8220;no tenen credibilitat a la vista de com ha estat el nostre municipi durant els 8 anys que porta governant. Fins i tot la neteja de cara que intenta fer el <a class=\"mh-excerpt-more\" href=\"https:\/\/www.tucomarca.com\/wordpress\/segunda\/ca\/el-pp-de-requena-no-dona-credibilitat-a-les-promeses-de-mario-sanchez-de-millorar-la-imatge-del-municipi\/\" title=\"El PP de Requena &#8220;no dona credibilitat a les promeses de Mario S\u00e1nchez de millorar la imatge del municipi&#8221;\">[+] <\/a><\/div>\n","protected":false},"author":12,"featured_media":174923,"comment_status":"open","ping_status":"open","sticky":false,"template":"","format":"standard","meta":{"footnotes":""},"categories":[10948,10894,10947,10908,10909,10896],"tags":[16592,11099,10910],"class_list":{"0":"post-174924","1":"post","2":"type-post","3":"status-publish","4":"format-standard","5":"has-post-thumbnail","7":"category-infraestructuras-ca","8":"category-la-comarca-ca","9":"category-politica","10":"category-requena-ca","11":"category-requena-utiel-ca","12":"category-seccion-ca","13":"tag-pp-requena-ca","14":"tag-requena-ca","15":"tag-requena-utiel-ca"},"_links":{"self":[{"href":"https:\/\/www.tucomarca.com\/wordpress\/segunda\/ca\/wp-json\/wp\/v2\/posts\/174924","targetHints":{"allow":["GET"]}}],"collection":[{"href":"https:\/\/www.tucomarca.com\/wordpress\/segunda\/ca\/wp-json\/wp\/v2\/posts"}],"about":[{"href":"https:\/\/www.tucomarca.com\/wordpress\/segunda\/ca\/wp-json\/wp\/v2\/types\/post"}],"author":[{"embeddable":true,"href":"https:\/\/www.tucomarca.com\/wordpress\/segunda\/ca\/wp-json\/wp\/v2\/users\/12"}],"replies":[{"embeddable":true,"href":"https:\/\/www.tucomarca.com\/wordpress\/segunda\/ca\/wp-json\/wp\/v2\/comments?post=174924"}],"version-history":[{"count":0,"href":"https:\/\/www.tucomarca.com\/wordpress\/segunda\/ca\/wp-json\/wp\/v2\/posts\/174924\/revisions"}],"wp:featuredmedia":[{"embeddable":true,"href":"https:\/\/www.tucomarca.com\/wordpress\/segunda\/ca\/wp-json\/wp\/v2\/media\/174923"}],"wp:attachment":[{"href":"https:\/\/www.tucomarca.com\/wordpress\/segunda\/ca\/wp-json\/wp\/v2\/media?parent=174924"}],"wp:term":[{"taxonomy":"category","embeddable":true,"href":"https:\/\/www.tucomarca.com\/wordpress\/segunda\/ca\/wp-json\/wp\/v2\/categories?post=174924"},{"taxonomy":"post_tag","embeddable":true,"href":"https:\/\/www.tucomarca.com\/wordpress\/segunda\/ca\/wp-json\/wp\/v2\/tags?post=174924"}],"curies":[{"name":"wp","href":"https:\/\/api.w.org\/{rel}","templated":true}]}}