{"id":174932,"date":"2022-12-28T08:30:00","date_gmt":"2022-12-28T06:30:00","guid":{"rendered":"https:\/\/www.tucomarca.com\/wordpress\/segunda\/?p=174932"},"modified":"2022-12-28T23:22:17","modified_gmt":"2022-12-28T21:22:17","slug":"la-mancomunitat-del-raco-dademus-aposta-pels-continguts-audiovisuals-com-a-motor-de-desenvolupament-turistic","status":"publish","type":"post","link":"https:\/\/www.tucomarca.com\/wordpress\/segunda\/ca\/la-mancomunitat-del-raco-dademus-aposta-pels-continguts-audiovisuals-com-a-motor-de-desenvolupament-turistic\/","title":{"rendered":"La Mancomunitat del Rac\u00f3 d&#8217;Adem\u00fas aposta pels continguts audiovisuals com a motor de desenvolupament tur\u00edstic&nbsp;"},"content":{"rendered":"\n<h4 class=\"wp-block-heading\">El Rac\u00f3 d&#8217;Adem\u00fas continua treballant per a donar-se a con\u00e9ixer en tota la geografia espanyola com a destinaci\u00f3 tur\u00edstica i de resid\u00e8ncia.<\/h4>\n\n\n\n<h4 class=\"wp-block-heading\">A trav\u00e9s del seu departament \u201cRinc\u00f3n Impulsa\u201d han dut a terme aquest projecte on mostren tots els secrets de la comarca.<\/h4>\n\n\n\n<p>La Mancomunitat de Municipis del Rac\u00f3 d&#8217;Adem\u00fas ha elaborat un v\u00eddeo de la comarca en el qual es dona a con\u00e9ixer els tresors que amaga aquest peculiar territori valenci\u00e0, \u201cilla de terra\u201d entre Conca i Terol.<br>Una mirada nova que ha sigut plasmada pel Centre d&#8217;Innovaci\u00f3 i Emprenedoria d&#8217;aquesta instituci\u00f3, grup de treball capdavanter i a l&#8217;avantguarda de les noves tecnologies que treballa constantment en la promoci\u00f3 i dinamitzaci\u00f3 del territori a trav\u00e9s d&#8217;esdeveniments i propostes d&#8217;\u00faltima generaci\u00f3 com aquesta.<br>L&#8217;elaboraci\u00f3 de continguts audiovisuals en els seus diferents formats conforma la punta de llan\u00e7a d&#8217;un projecte que t\u00e9 per objectiu \u201ctrencar muralles\u201d i permetre al turista \u201cviatjar a trav\u00e9s de la pantalla\u201d com si visitara el lloc f\u00edsicament.<br>El nou treball, presentat aquesta mateixa setmana en la seu de la Mancomunitat a Cases Altes, en pres\u00e8ncia de diferents alcaldes de la comarca, el Diputat de Desenvolupament Rural, Ramiro Rivera i el mateix president de la Mancomunitat, Eduardo Aguilar, capta i mostra l&#8217;ess\u00e8ncia d&#8217;aquesta \u201crac\u00f3\u201d tan volgut pels valencians: des de les seues gents fins a les seues aromes, els seus productes tradicionals, i com no, els seus paisatges de somni.<\/p>\n\n\n\n<p><\/p>\n","protected":false},"excerpt":{"rendered":"<div class=\"mh-excerpt\">El Rac\u00f3 d&#8217;Adem\u00fas continua treballant per a donar-se a con\u00e9ixer en tota la geografia espanyola com a destinaci\u00f3 tur\u00edstica i de resid\u00e8ncia. A trav\u00e9s del seu departament \u201cRinc\u00f3n Impulsa\u201d han dut a terme aquest projecte <a class=\"mh-excerpt-more\" href=\"https:\/\/www.tucomarca.com\/wordpress\/segunda\/ca\/la-mancomunitat-del-raco-dademus-aposta-pels-continguts-audiovisuals-com-a-motor-de-desenvolupament-turistic\/\" title=\"La Mancomunitat del Rac\u00f3 d&#8217;Adem\u00fas aposta pels continguts audiovisuals com a motor de desenvolupament tur\u00edstic&nbsp;\">[+] <\/a><\/div>\n","protected":false},"author":12,"featured_media":161086,"comment_status":"open","ping_status":"open","sticky":false,"template":"","format":"standard","meta":{"footnotes":""},"categories":[10890,10926,10923,10925,10898,10948,10894,10960,11007,10947,10896,10961,10962],"tags":[18597,18598],"class_list":{"0":"post-174932","1":"post","2":"type-post","3":"status-publish","4":"format-standard","5":"has-post-thumbnail","7":"category-ademus","8":"category-ademus-ca","9":"category-cases-altes","10":"category-castielfabib-ca","11":"category-ventana-ca","12":"category-infraestructuras-ca","13":"category-la-comarca-ca","14":"category-la-puebla-de-san-miguel-ca","15":"category-ocio-y-cultura-ca","16":"category-politica","17":"category-seccion-ca","18":"category-torrebaja-ca","19":"category-vallanca-ca","20":"tag-desarrollo-turistico-ca","21":"tag-mancomunidad-del-rincon-de-ademuz-ca"},"_links":{"self":[{"href":"https:\/\/www.tucomarca.com\/wordpress\/segunda\/ca\/wp-json\/wp\/v2\/posts\/174932","targetHints":{"allow":["GET"]}}],"collection":[{"href":"https:\/\/www.tucomarca.com\/wordpress\/segunda\/ca\/wp-json\/wp\/v2\/posts"}],"about":[{"href":"https:\/\/www.tucomarca.com\/wordpress\/segunda\/ca\/wp-json\/wp\/v2\/types\/post"}],"author":[{"embeddable":true,"href":"https:\/\/www.tucomarca.com\/wordpress\/segunda\/ca\/wp-json\/wp\/v2\/users\/12"}],"replies":[{"embeddable":true,"href":"https:\/\/www.tucomarca.com\/wordpress\/segunda\/ca\/wp-json\/wp\/v2\/comments?post=174932"}],"version-history":[{"count":0,"href":"https:\/\/www.tucomarca.com\/wordpress\/segunda\/ca\/wp-json\/wp\/v2\/posts\/174932\/revisions"}],"wp:featuredmedia":[{"embeddable":true,"href":"https:\/\/www.tucomarca.com\/wordpress\/segunda\/ca\/wp-json\/wp\/v2\/media\/161086"}],"wp:attachment":[{"href":"https:\/\/www.tucomarca.com\/wordpress\/segunda\/ca\/wp-json\/wp\/v2\/media?parent=174932"}],"wp:term":[{"taxonomy":"category","embeddable":true,"href":"https:\/\/www.tucomarca.com\/wordpress\/segunda\/ca\/wp-json\/wp\/v2\/categories?post=174932"},{"taxonomy":"post_tag","embeddable":true,"href":"https:\/\/www.tucomarca.com\/wordpress\/segunda\/ca\/wp-json\/wp\/v2\/tags?post=174932"}],"curies":[{"name":"wp","href":"https:\/\/api.w.org\/{rel}","templated":true}]}}