{"id":174944,"date":"2022-12-28T22:00:00","date_gmt":"2022-12-28T20:00:00","guid":{"rendered":"https:\/\/www.tucomarca.com\/wordpress\/segunda\/?p=174944"},"modified":"2022-12-29T12:39:37","modified_gmt":"2022-12-29T10:39:37","slug":"rescatan-a-un-home-que-shi-havia-precipitat-des-duns-quinze-metres-daltura-a-una-zona-rural-de-calles","status":"publish","type":"post","link":"https:\/\/www.tucomarca.com\/wordpress\/segunda\/ca\/rescatan-a-un-home-que-shi-havia-precipitat-des-duns-quinze-metres-daltura-a-una-zona-rural-de-calles\/","title":{"rendered":"Rescatan a un home que s&#8217;hi havia precipitat des d&#8217;uns quinze metres d&#8217;altura a una zona rural de Calles"},"content":{"rendered":"\n<p>Efectius del Consorci de Bombers de Val\u00e8ncia han rescatat un home que havia patit una forta caiguda a una zona rural de Calles. L&#8217;av\u00eds s&#8217;hi ha rebut a les 13,16 hores i sembla que, mentre feia una ruta de senderisme per la zona de l&#8217;aq\u00fceducte de Pe\u00f1a Cortada, l&#8217;home s&#8217;hi havia precipitat des d&#8217;uns quinze metres d&#8217;altura.<\/p>\n\n\n\n<p>El Consorci ha mobilitzat un dispositiu de rescat amb el seu Grup de Rescat en Altura GERA i helic\u00f2pter del Consorci, coordinador forestal, bombers voluntaris de Chelva, aix\u00ed com bombers forestals de Generalitat. L&#8217;home ha rebut les primeres assist\u00e8ncies per part del personal sanitari despla\u00e7at a la zona i finalment ha sigut evacuat via a\u00e8ria amb el GERA i l&#8217;helic\u00f2pter de rescat, que l&#8217;ha traslladat a centre hospitalari.\u00a0<\/p>\n\n\n\n<figure class=\"wp-block-image size-large\"><img loading=\"lazy\" decoding=\"async\" width=\"1024\" height=\"768\" src=\"http:\/\/www.tucomarca.com\/wordpress\/segunda\/wp-content\/uploads\/2022\/12\/RescateCalles2-1024x768.jpeg\" alt=\"\" class=\"wp-image-174941\" srcset=\"https:\/\/www.tucomarca.com\/wordpress\/segunda\/wp-content\/uploads\/2022\/12\/RescateCalles2-1024x768.jpeg 1024w, https:\/\/www.tucomarca.com\/wordpress\/segunda\/wp-content\/uploads\/2022\/12\/RescateCalles2-300x225.jpeg 300w, https:\/\/www.tucomarca.com\/wordpress\/segunda\/wp-content\/uploads\/2022\/12\/RescateCalles2-768x576.jpeg 768w, https:\/\/www.tucomarca.com\/wordpress\/segunda\/wp-content\/uploads\/2022\/12\/RescateCalles2-1536x1152.jpeg 1536w, https:\/\/www.tucomarca.com\/wordpress\/segunda\/wp-content\/uploads\/2022\/12\/RescateCalles2-678x509.jpeg 678w, https:\/\/www.tucomarca.com\/wordpress\/segunda\/wp-content\/uploads\/2022\/12\/RescateCalles2-326x245.jpeg 326w, https:\/\/www.tucomarca.com\/wordpress\/segunda\/wp-content\/uploads\/2022\/12\/RescateCalles2-80x60.jpeg 80w, https:\/\/www.tucomarca.com\/wordpress\/segunda\/wp-content\/uploads\/2022\/12\/RescateCalles2.jpeg 1920w\" sizes=\"auto, (max-width: 1024px) 100vw, 1024px\" \/><\/figure>\n","protected":false},"excerpt":{"rendered":"<div class=\"mh-excerpt\">Efectius del Consorci de Bombers de Val\u00e8ncia han rescatat un home que havia patit una forta caiguda a una zona rural de Calles. L&#8217;av\u00eds s&#8217;hi ha rebut a les 13,16 hores i sembla que, mentre <a class=\"mh-excerpt-more\" href=\"https:\/\/www.tucomarca.com\/wordpress\/segunda\/ca\/rescatan-a-un-home-que-shi-havia-precipitat-des-duns-quinze-metres-daltura-a-una-zona-rural-de-calles\/\" title=\"Rescatan a un home que s&#8217;hi havia precipitat des d&#8217;uns quinze metres d&#8217;altura a una zona rural de Calles\">[+] <\/a><\/div>\n","protected":false},"author":1,"featured_media":174940,"comment_status":"open","ping_status":"open","sticky":false,"template":"","format":"standard","meta":{"footnotes":""},"categories":[11038,11046,10898,10948,10894,10904,10896,10897],"tags":[11928,11080],"class_list":{"0":"post-174944","1":"post","2":"type-post","3":"status-publish","4":"format-standard","5":"has-post-thumbnail","7":"category-calles-ca","8":"category-los-serranos-ca","9":"category-ventana-ca","10":"category-infraestructuras-ca","11":"category-la-comarca-ca","12":"category-sin-categorizar-ca","13":"category-seccion-ca","14":"category-sucesos-la-comarca-ca","15":"tag-la-serrania-ca","16":"tag-los-serranos-ca"},"_links":{"self":[{"href":"https:\/\/www.tucomarca.com\/wordpress\/segunda\/ca\/wp-json\/wp\/v2\/posts\/174944","targetHints":{"allow":["GET"]}}],"collection":[{"href":"https:\/\/www.tucomarca.com\/wordpress\/segunda\/ca\/wp-json\/wp\/v2\/posts"}],"about":[{"href":"https:\/\/www.tucomarca.com\/wordpress\/segunda\/ca\/wp-json\/wp\/v2\/types\/post"}],"author":[{"embeddable":true,"href":"https:\/\/www.tucomarca.com\/wordpress\/segunda\/ca\/wp-json\/wp\/v2\/users\/1"}],"replies":[{"embeddable":true,"href":"https:\/\/www.tucomarca.com\/wordpress\/segunda\/ca\/wp-json\/wp\/v2\/comments?post=174944"}],"version-history":[{"count":0,"href":"https:\/\/www.tucomarca.com\/wordpress\/segunda\/ca\/wp-json\/wp\/v2\/posts\/174944\/revisions"}],"wp:featuredmedia":[{"embeddable":true,"href":"https:\/\/www.tucomarca.com\/wordpress\/segunda\/ca\/wp-json\/wp\/v2\/media\/174940"}],"wp:attachment":[{"href":"https:\/\/www.tucomarca.com\/wordpress\/segunda\/ca\/wp-json\/wp\/v2\/media?parent=174944"}],"wp:term":[{"taxonomy":"category","embeddable":true,"href":"https:\/\/www.tucomarca.com\/wordpress\/segunda\/ca\/wp-json\/wp\/v2\/categories?post=174944"},{"taxonomy":"post_tag","embeddable":true,"href":"https:\/\/www.tucomarca.com\/wordpress\/segunda\/ca\/wp-json\/wp\/v2\/tags?post=174944"}],"curies":[{"name":"wp","href":"https:\/\/api.w.org\/{rel}","templated":true}]}}