{"id":174961,"date":"2022-12-28T21:00:00","date_gmt":"2022-12-28T19:00:00","guid":{"rendered":"https:\/\/www.tucomarca.com\/wordpress\/segunda\/?p=174961"},"modified":"2022-12-29T14:51:50","modified_gmt":"2022-12-29T12:51:50","slug":"pilar-lima-mostra-el-seu-suport-a-les-entitats-que-arriben-contra-els-macroparcs-eolics-a-linterior","status":"publish","type":"post","link":"https:\/\/www.tucomarca.com\/wordpress\/segunda\/ca\/pilar-lima-mostra-el-seu-suport-a-les-entitats-que-arriben-contra-els-macroparcs-eolics-a-linterior\/","title":{"rendered":"Pilar Lima mostra el seu suport a les entitats que arriben contra els macroparcs e\u00f2lics a l&#8217;interior&nbsp;"},"content":{"rendered":"\n<p>La coordinadora de Podem i s\u00edndica en Corts Valencianes de Unides Podem advoca per un r\u00e0pid desplegament de les energies renovables sota una planificaci\u00f3 ecol\u00f2gica dirigida des de les administracions p\u00fabliques.<\/p>\n\n\n\n<p>Pilar Lima s&#8217;ha reunit a Utiel amb la Plataforma Renovables \u00c8tiques i l&#8217;Associaci\u00f3 Utiel Requena Sostenible per a escoltar els motius pels quals els ve\u00efns de la comarca s&#8217;oposen a la instal\u00b7laci\u00f3 d&#8217;un gran parc e\u00f2lic projectat per una empresa privada. Tamb\u00e9 ha visitat l&#8217;exposici\u00f3 &#8216;Stop Molins Zona 9&#8217;.<\/p>\n\n\n\n<p>La s\u00edndica habitada ha estat acompanyada del secretari d&#8217;organitzaci\u00f3 de PODEM, Carles Fons, d&#8217;\u00d3scar Latorre, regidor de medi ambient de Podemos a l&#8217;ajuntament d&#8217;Utiel, qui ha manifestat el seu malestar per la construcci\u00f3 del macroparc i assegura que &#8220;si no es posa en valor el territori i el paisatge no hi ha desenvolupament rural&#8221;, i de Juan Garc\u00eda, regidor morat a Requena d&#8217;efici\u00e8ncia energ\u00e8tica i lluita contra el canvi clim\u00e0tic que ha posat en valor la unitat del consistori requenense en les al\u00b7legacions que s&#8217;estan presentant en contra del megaprojecte.<\/p>\n\n\n\n<p>La Plataforma E\u00f2liques \u00c8tiques, que reuneix diferents col\u00b7lectius dels municipis afectats, rebutja l&#8217;impacte paisatg\u00edstic i ambiental del projecte i den\u00fancia que els tres parcs e\u00f2lics projectats en el terme municipal d&#8217;Utiel &#8211; Sierra del Negrete I i II i Cabezo de Frare- confronten amb les Zones d&#8217;Especial Protecci\u00f3 d&#8217;Ocells (ZEPA) amb pres\u00e8ncia, entre altres, d&#8217;\u00e0guiles reals i falcons pelegrins, per la qual cosa exigeixen un informe espec\u00edfic ja que serien afectades \u00e0rees protegides per la Xarxa Natura 2000.&nbsp;<\/p>\n\n\n\n<p>Pilar Lima ha manifestat a la Plataforma Renovables \u00c8tiques el seu suport a les al\u00b7legacions presentades al mega parc e\u00f2lic que pret\u00e9n instal\u00b7lar 63 aerogeneradors i que afectaria 10 termes municipals de les comarques de Requena-Utiel, La Foia de Bunyol i La Regi\u00f3 muntanyenca. Els paratges afectats serien el Tur\u00f3 Pelat, la Serra de la Bicuerca, la Serra del Teix, la Serra de Xiva, el Cabezo del Frare i la Serra Negrete.<\/p>\n\n\n\n<p>Lima ha volgut subratllar que des de Podem \u201creclamem un r\u00e0pid desplegament de les energies renovables per\u00f2 a trav\u00e9s d&#8217;una planificaci\u00f3 ecol\u00f2gica que, guiada per l&#8217;administraci\u00f3 p\u00fablica, inclosos els ajuntaments, salvaguarde terres de cultiu i \u00e0rees naturals sensibles\u201d.<br>\u00d3scar Latorre ha manifestat que \u201cels macro projectes e\u00f2lics entren en contradicci\u00f3 amb el desenvolupament rural i la posada en valor de l&#8217;agricultura i el paisatge aprofundint la problem\u00e0tica del despoblament\u201d.<br>Per la seua part Juan Garc\u00eda ha declarat que \u201ca Requena hi ha unanimitat en el consistori en el suport a les al\u00b7legacions contra el macro parc e\u00f2lic\u201d.<\/p>\n\n\n\n<p><\/p>\n","protected":false},"excerpt":{"rendered":"<div class=\"mh-excerpt\">La coordinadora de Podem i s\u00edndica en Corts Valencianes de Unides Podem advoca per un r\u00e0pid desplegament de les energies renovables sota una planificaci\u00f3 ecol\u00f2gica dirigida des de les administracions p\u00fabliques. Pilar Lima s&#8217;ha reunit <a class=\"mh-excerpt-more\" href=\"https:\/\/www.tucomarca.com\/wordpress\/segunda\/ca\/pilar-lima-mostra-el-seu-suport-a-les-entitats-que-arriben-contra-els-macroparcs-eolics-a-linterior\/\" title=\"Pilar Lima mostra el seu suport a les entitats que arriben contra els macroparcs e\u00f2lics a l&#8217;interior&nbsp;\">[+] <\/a><\/div>\n","protected":false},"author":12,"featured_media":174960,"comment_status":"open","ping_status":"open","sticky":false,"template":"","format":"standard","meta":{"footnotes":""},"categories":[10898,10948,10894,10903,10947,10909,10896,11059],"tags":[18600,11473,10910,11174],"class_list":{"0":"post-174961","1":"post","2":"type-post","3":"status-publish","4":"format-standard","5":"has-post-thumbnail","7":"category-ventana-ca","8":"category-infraestructuras-ca","9":"category-la-comarca-ca","10":"category-medio-ambiente-la-comarca-ca","11":"category-politica","12":"category-requena-utiel-ca","13":"category-seccion-ca","14":"category-utiel-ca","15":"tag-macropaques-eolicos-ca","16":"tag-podem-ca","17":"tag-requena-utiel-ca","18":"tag-utiel-ca"},"_links":{"self":[{"href":"https:\/\/www.tucomarca.com\/wordpress\/segunda\/ca\/wp-json\/wp\/v2\/posts\/174961","targetHints":{"allow":["GET"]}}],"collection":[{"href":"https:\/\/www.tucomarca.com\/wordpress\/segunda\/ca\/wp-json\/wp\/v2\/posts"}],"about":[{"href":"https:\/\/www.tucomarca.com\/wordpress\/segunda\/ca\/wp-json\/wp\/v2\/types\/post"}],"author":[{"embeddable":true,"href":"https:\/\/www.tucomarca.com\/wordpress\/segunda\/ca\/wp-json\/wp\/v2\/users\/12"}],"replies":[{"embeddable":true,"href":"https:\/\/www.tucomarca.com\/wordpress\/segunda\/ca\/wp-json\/wp\/v2\/comments?post=174961"}],"version-history":[{"count":0,"href":"https:\/\/www.tucomarca.com\/wordpress\/segunda\/ca\/wp-json\/wp\/v2\/posts\/174961\/revisions"}],"wp:featuredmedia":[{"embeddable":true,"href":"https:\/\/www.tucomarca.com\/wordpress\/segunda\/ca\/wp-json\/wp\/v2\/media\/174960"}],"wp:attachment":[{"href":"https:\/\/www.tucomarca.com\/wordpress\/segunda\/ca\/wp-json\/wp\/v2\/media?parent=174961"}],"wp:term":[{"taxonomy":"category","embeddable":true,"href":"https:\/\/www.tucomarca.com\/wordpress\/segunda\/ca\/wp-json\/wp\/v2\/categories?post=174961"},{"taxonomy":"post_tag","embeddable":true,"href":"https:\/\/www.tucomarca.com\/wordpress\/segunda\/ca\/wp-json\/wp\/v2\/tags?post=174961"}],"curies":[{"name":"wp","href":"https:\/\/api.w.org\/{rel}","templated":true}]}}