{"id":174970,"date":"2022-12-29T09:00:00","date_gmt":"2022-12-29T07:00:00","guid":{"rendered":"https:\/\/www.tucomarca.com\/wordpress\/segunda\/?p=174970"},"modified":"2022-12-29T14:55:57","modified_gmt":"2022-12-29T12:55:57","slug":"lajuntament-de-xest-reurbanitzara-el-carrer-llorer","status":"publish","type":"post","link":"https:\/\/www.tucomarca.com\/wordpress\/segunda\/ca\/lajuntament-de-xest-reurbanitzara-el-carrer-llorer\/","title":{"rendered":"L&#8217;Ajuntament de Xest reurbanitzar\u00e0 el carrer Llorer"},"content":{"rendered":"\n<p>L&#8217;Ajuntament realitzar\u00e0 una reurbanitzaci\u00f3 integral al carrer Llorer que comportar\u00e0 millores en la xarxa de pluvials i la remodelaci\u00f3 completa d&#8217;aquesta via.<\/p>\n\n\n\n<p>Aquesta actuaci\u00f3 es dur\u00e0 a terme gr\u00e0cies a una subvenci\u00f3 de prop de 700.000 euros que rebr\u00e0 l&#8217;Ajuntament de Xest des de la Diputaci\u00f3 de Val\u00e8ncia, en el marc del Pla d&#8217;Inversions 2022-2023; un pla que, tal com es va presentar des de la Diputaci\u00f3, aposta per l&#8217;autonomia municipal i per facilitar la liquiditat que necessiten els ajuntaments per a millorar infraestructures i serveis.&nbsp;<\/p>\n\n\n\n<p>L&#8217;alcalde de Xest, Jos\u00e9 Morell, al costat de personal del departament d&#8217;urbanisme, s&#8217;ha reunit aquesta setmana amb el ve\u00efnat del carrer Llorer per a comunicar que es reformar\u00e0 aquest carrer. \u201cEl motiu pel qual hem decidit destinar aquesta important inversi\u00f3 a la reurbanitzaci\u00f3 del carrer Llorer es deu al fet que per ac\u00ed passa el barranc Silleta, la columna vertebral de la xarxa de pluvials del nostre poble, i es van produir uns enfonsaments subterranis que cal reparar\u201d, ha explicat Morell. \u201cLa intervenci\u00f3 suposar\u00e0, a m\u00e9s de duplicar la capacitat del barranc, la remodelaci\u00f3 completa del carrer. Per aquest motiu, seguint la l\u00ednia d&#8217;actuaci\u00f3 de reurbanitzacions anteriors, convoquem aquesta reuni\u00f3 amb ve\u00efns i ve\u00efnes, amb l&#8217;objectiu que puguen expressar-nos les seues prefer\u00e8ncies\u201d.<\/p>\n\n\n\n<p>Despr\u00e9s de la reuni\u00f3, els i les participants van rebre una enquesta que es derivar\u00e0 a l&#8217;empresa d&#8217;arquitectura que s&#8217;encarregue de realitzar el projecte.<\/p>\n\n\n\n<p><\/p>\n","protected":false},"excerpt":{"rendered":"<div class=\"mh-excerpt\">L&#8217;Ajuntament realitzar\u00e0 una reurbanitzaci\u00f3 integral al carrer Llorer que comportar\u00e0 millores en la xarxa de pluvials i la remodelaci\u00f3 completa d&#8217;aquesta via. Aquesta actuaci\u00f3 es dur\u00e0 a terme gr\u00e0cies a una subvenci\u00f3 de prop de <a class=\"mh-excerpt-more\" href=\"https:\/\/www.tucomarca.com\/wordpress\/segunda\/ca\/lajuntament-de-xest-reurbanitzara-el-carrer-llorer\/\" title=\"L&#8217;Ajuntament de Xest reurbanitzar\u00e0 el carrer Llorer\">[+] <\/a><\/div>\n","protected":false},"author":12,"featured_media":174969,"comment_status":"open","ping_status":"open","sticky":false,"template":"","format":"standard","meta":{"footnotes":""},"categories":[10948,10894,10912,10947,10896,10974],"tags":[11071,10914,18422],"class_list":{"0":"post-174970","1":"post","2":"type-post","3":"status-publish","4":"format-standard","5":"has-post-thumbnail","7":"category-infraestructuras-ca","8":"category-la-comarca-ca","9":"category-la-hoya-ca","10":"category-politica","11":"category-seccion-ca","12":"category-cheste-ca","13":"tag-cheste","14":"tag-la-hoya-de-bunol-chiva-ca","15":"tag-obras-de-reurbanizacion-ca"},"_links":{"self":[{"href":"https:\/\/www.tucomarca.com\/wordpress\/segunda\/ca\/wp-json\/wp\/v2\/posts\/174970","targetHints":{"allow":["GET"]}}],"collection":[{"href":"https:\/\/www.tucomarca.com\/wordpress\/segunda\/ca\/wp-json\/wp\/v2\/posts"}],"about":[{"href":"https:\/\/www.tucomarca.com\/wordpress\/segunda\/ca\/wp-json\/wp\/v2\/types\/post"}],"author":[{"embeddable":true,"href":"https:\/\/www.tucomarca.com\/wordpress\/segunda\/ca\/wp-json\/wp\/v2\/users\/12"}],"replies":[{"embeddable":true,"href":"https:\/\/www.tucomarca.com\/wordpress\/segunda\/ca\/wp-json\/wp\/v2\/comments?post=174970"}],"version-history":[{"count":0,"href":"https:\/\/www.tucomarca.com\/wordpress\/segunda\/ca\/wp-json\/wp\/v2\/posts\/174970\/revisions"}],"wp:featuredmedia":[{"embeddable":true,"href":"https:\/\/www.tucomarca.com\/wordpress\/segunda\/ca\/wp-json\/wp\/v2\/media\/174969"}],"wp:attachment":[{"href":"https:\/\/www.tucomarca.com\/wordpress\/segunda\/ca\/wp-json\/wp\/v2\/media?parent=174970"}],"wp:term":[{"taxonomy":"category","embeddable":true,"href":"https:\/\/www.tucomarca.com\/wordpress\/segunda\/ca\/wp-json\/wp\/v2\/categories?post=174970"},{"taxonomy":"post_tag","embeddable":true,"href":"https:\/\/www.tucomarca.com\/wordpress\/segunda\/ca\/wp-json\/wp\/v2\/tags?post=174970"}],"curies":[{"name":"wp","href":"https:\/\/api.w.org\/{rel}","templated":true}]}}