{"id":174974,"date":"2022-12-29T08:00:00","date_gmt":"2022-12-29T06:00:00","guid":{"rendered":"https:\/\/www.tucomarca.com\/wordpress\/segunda\/?p=174974"},"modified":"2022-12-29T15:05:37","modified_gmt":"2022-12-29T13:05:37","slug":"csif-denuncia-que-el-departament-de-la-ribera-no-cobreix-reduccions-de-jornada-i-deixa-amb-pocs-efectius-uci-i-planta","status":"publish","type":"post","link":"https:\/\/www.tucomarca.com\/wordpress\/segunda\/ca\/csif-denuncia-que-el-departament-de-la-ribera-no-cobreix-reduccions-de-jornada-i-deixa-amb-pocs-efectius-uci-i-planta\/","title":{"rendered":"CSIF denuncia que el departament de la Ribera no cobreix reduccions de jornada i deixa amb pocs efectius UCI i planta"},"content":{"rendered":"\n<h4 class=\"wp-block-heading\">El sindicat lamenta que la direcci\u00f3 perjudique la conciliaci\u00f3 dels seus treballadors al no refor\u00e7ar la plantilla, amb el que provoca que arribe a haver-hi 3 TCAE per a 49 pacients<\/h4>\n\n\n\n<p>El sindicat CSIF denuncia que la direcci\u00f3 del departament de salut de la Ribera est\u00e0 perjudicant la conciliaci\u00f3 dels seus treballadors al no cobrir les hores en les quals s&#8217;acullen a reducci\u00f3 de jornada. Aquesta situaci\u00f3 provoca, per exemple, que en la vesprada d&#8217;ahir \u00fanicament hi haguera tres TCAE per a 49 pacients en la planta 1a dreta.<br>La Central Sindical Independent i de Funcionaris (CSIF) exigeix al departament de salut que reforce la plantilla i que, dins d&#8217;aqueix increment de personal, preveja la cobertura de les reduccions de jornada.&nbsp;<br>El sindicat considera lamentable, en aquest sentit, que en el full d&#8217;anotacions de jornada prevista per a dem\u00e0 en la Unitat de Vigil\u00e0ncia intensiva (UCI) \u00fanicament hi haja tres t\u00e8cnics en cures auxiliars d&#8217;infermeria (TCAE) de set a huit del mat\u00ed en lloc dels cinc que correspondria. La central sindical apunta que en l&#8217;actualitat hi ha 21 pacients ingressats en l&#8217;UCI que exigeixen una cura i atenci\u00f3 permanent, i critica que la direcci\u00f3 del departament escatime recursos i no cobrisca les reduccions de jornada.<br>CSIF continua explicant que una situaci\u00f3 similar es va produir en la vesprada d&#8217;ahir en la planta 1a dreta, on s\u00f3n atesos nombrosos pacients dependents i en habitacions doblegades. El sindicat assenyala que, a causa de la falta de previsi\u00f3 de cobertures per part de la direcci\u00f3, en el torn de vesprada \u00fanicament hi havia tres en lloc de quatre TCAE per a atendre 49 pacients; i al mat\u00ed, quatre en comptes de cinc.<br>La central sindical exigeix a la direcci\u00f3 del departament \u201cm\u00e9s respecte a treballadors i usuaris\u201d. En aquest sentit li insta la immediata cobertura de reduccions de jornada en una plantilla \u201cja de per si mateix prec\u00e0ria\u201d, amb la finalitat de \u201cprestar al pacient una atenci\u00f3 en les condicions adequades\u201d. El sindicat recorda que aqueixa falta de cobertura s&#8217;est\u00e9n a baixes i vacants, amb el col\u00b7lectiu professional \u201cexhaust i sota m\u00ednims\u201d.<\/p>\n\n\n\n<p><\/p>\n","protected":false},"excerpt":{"rendered":"<div class=\"mh-excerpt\">El sindicat lamenta que la direcci\u00f3 perjudique la conciliaci\u00f3 dels seus treballadors al no refor\u00e7ar la plantilla, amb el que provoca que arribe a haver-hi 3 TCAE per a 49 pacients El sindicat CSIF denuncia <a class=\"mh-excerpt-more\" href=\"https:\/\/www.tucomarca.com\/wordpress\/segunda\/ca\/csif-denuncia-que-el-departament-de-la-ribera-no-cobreix-reduccions-de-jornada-i-deixa-amb-pocs-efectius-uci-i-planta\/\" title=\"CSIF denuncia que el departament de la Ribera no cobreix reduccions de jornada i deixa amb pocs efectius UCI i planta\">[+] <\/a><\/div>\n","protected":false},"author":12,"featured_media":172406,"comment_status":"open","ping_status":"open","sticky":false,"template":"","format":"standard","meta":{"footnotes":""},"categories":[10889,11010,10948,10894,10902,10947,10896],"tags":[11192,11345,12491,11356],"class_list":{"0":"post-174974","1":"post","2":"type-post","3":"status-publish","4":"format-standard","5":"has-post-thumbnail","7":"category-alzira-cat","8":"category-canal-salud","9":"category-infraestructuras-ca","10":"category-la-comarca-ca","11":"category-la-ribera-ca","12":"category-politica","13":"category-seccion-ca","14":"tag-alzira-ca","15":"tag-csif-ca","16":"tag-hospital-de-la-ribera-ca","17":"tag-ribera-alta-ca"},"_links":{"self":[{"href":"https:\/\/www.tucomarca.com\/wordpress\/segunda\/ca\/wp-json\/wp\/v2\/posts\/174974","targetHints":{"allow":["GET"]}}],"collection":[{"href":"https:\/\/www.tucomarca.com\/wordpress\/segunda\/ca\/wp-json\/wp\/v2\/posts"}],"about":[{"href":"https:\/\/www.tucomarca.com\/wordpress\/segunda\/ca\/wp-json\/wp\/v2\/types\/post"}],"author":[{"embeddable":true,"href":"https:\/\/www.tucomarca.com\/wordpress\/segunda\/ca\/wp-json\/wp\/v2\/users\/12"}],"replies":[{"embeddable":true,"href":"https:\/\/www.tucomarca.com\/wordpress\/segunda\/ca\/wp-json\/wp\/v2\/comments?post=174974"}],"version-history":[{"count":0,"href":"https:\/\/www.tucomarca.com\/wordpress\/segunda\/ca\/wp-json\/wp\/v2\/posts\/174974\/revisions"}],"wp:featuredmedia":[{"embeddable":true,"href":"https:\/\/www.tucomarca.com\/wordpress\/segunda\/ca\/wp-json\/wp\/v2\/media\/172406"}],"wp:attachment":[{"href":"https:\/\/www.tucomarca.com\/wordpress\/segunda\/ca\/wp-json\/wp\/v2\/media?parent=174974"}],"wp:term":[{"taxonomy":"category","embeddable":true,"href":"https:\/\/www.tucomarca.com\/wordpress\/segunda\/ca\/wp-json\/wp\/v2\/categories?post=174974"},{"taxonomy":"post_tag","embeddable":true,"href":"https:\/\/www.tucomarca.com\/wordpress\/segunda\/ca\/wp-json\/wp\/v2\/tags?post=174974"}],"curies":[{"name":"wp","href":"https:\/\/api.w.org\/{rel}","templated":true}]}}