{"id":174989,"date":"2022-12-29T11:00:00","date_gmt":"2022-12-29T09:00:00","guid":{"rendered":"https:\/\/www.tucomarca.com\/wordpress\/segunda\/?p=174989"},"modified":"2023-01-02T11:37:41","modified_gmt":"2023-01-02T09:37:41","slug":"80-xiquets-i-xiquetes-participen-en-liv-campus-de-futbol-nadalenc-de-xest","status":"publish","type":"post","link":"https:\/\/www.tucomarca.com\/wordpress\/segunda\/ca\/80-xiquets-i-xiquetes-participen-en-liv-campus-de-futbol-nadalenc-de-xest\/","title":{"rendered":"80 xiquets i xiquetes participen en l&#8217;IV Campus de Futbol nadalenc de Xest"},"content":{"rendered":"\n<figure class=\"wp-block-image size-full\"><img loading=\"lazy\" decoding=\"async\" width=\"886\" height=\"274\" src=\"http:\/\/www.tucomarca.com\/wordpress\/segunda\/wp-content\/uploads\/2022\/12\/Cheste_CampusFutbolStopGoal_4.jpg\" alt=\"\" class=\"wp-image-174985\" srcset=\"https:\/\/www.tucomarca.com\/wordpress\/segunda\/wp-content\/uploads\/2022\/12\/Cheste_CampusFutbolStopGoal_4.jpg 886w, https:\/\/www.tucomarca.com\/wordpress\/segunda\/wp-content\/uploads\/2022\/12\/Cheste_CampusFutbolStopGoal_4-300x93.jpg 300w, https:\/\/www.tucomarca.com\/wordpress\/segunda\/wp-content\/uploads\/2022\/12\/Cheste_CampusFutbolStopGoal_4-768x238.jpg 768w\" sizes=\"auto, (max-width: 886px) 100vw, 886px\" \/><\/figure>\n\n\n\n<p>Hui finalitza l&#8217;IV Campus de futbol nadalenc organitzat per la regidoria d&#8217;Esports i dirigit per StopGoal, amb la col\u00b7laboraci\u00f3 dels clubs CD Xest i UD Godelleta.<\/p>\n\n\n\n<p>L&#8217;activitat s&#8217;ha desenvolupat durant tres dies en el camp de futbol La Vinya de Xest i ha comptat amb la participaci\u00f3 de 80 xiquets i xiquetes d&#8217;edats entre 6 i 14 anys. Com a novetat enguany, paral\u00b7lelament a la realitzaci\u00f3 del campus s&#8217;ha dut a terme una regida d&#8217;aliments per a C\u00e0ritas i Creu Roja de Xest.<\/p>\n\n\n\n<p>Durant tres jornades, els i les joves futbolistes han practicat entrenaments espec\u00edfics per a jugadors i porters, han gaudit de jocs adaptats al futbol i han participat en un torneig de Nadal. \u201cAmb aquest Campus els xiquets i les xiquetes no perden el ritme de la seua activitat esportiva i poden continuar gaudint del futbol durant el nadal\u201d, ha apuntat el regidor d&#8217;Esports, Francisco Llorens. \u201cA m\u00e9s, com \u00e9s habitual, hem comptat amb \u00e8xit de participaci\u00f3, indicatiu clau per a continuar programant pr\u00f2ximes edicions del campus\u201d.<br>Fotos: StopGoal<\/p>\n","protected":false},"excerpt":{"rendered":"<div class=\"mh-excerpt\">Hui finalitza l&#8217;IV Campus de futbol nadalenc organitzat per la regidoria d&#8217;Esports i dirigit per StopGoal, amb la col\u00b7laboraci\u00f3 dels clubs CD Xest i UD Godelleta. L&#8217;activitat s&#8217;ha desenvolupat durant tres dies en el camp <a class=\"mh-excerpt-more\" href=\"https:\/\/www.tucomarca.com\/wordpress\/segunda\/ca\/80-xiquets-i-xiquetes-participen-en-liv-campus-de-futbol-nadalenc-de-xest\/\" title=\"80 xiquets i xiquetes participen en l&#8217;IV Campus de Futbol nadalenc de Xest\">[+] <\/a><\/div>\n","protected":false},"author":12,"featured_media":174982,"comment_status":"open","ping_status":"open","sticky":false,"template":"","format":"standard","meta":{"footnotes":""},"categories":[11015,11003,10977,10894,10912,10896,10974],"tags":[11131,18603,10914,16413],"class_list":{"0":"post-174989","1":"post","2":"type-post","3":"status-publish","4":"format-standard","5":"has-post-thumbnail","7":"category-canal-futbol","8":"category-sports","9":"category-godelleta-ca","10":"category-la-comarca-ca","11":"category-la-hoya-ca","12":"category-seccion-ca","13":"category-cheste-ca","14":"tag-cd-cheste-ca","15":"tag-iv-campus-de-futbol-navideno-de-cheste-ca","16":"tag-la-hoya-de-bunol-chiva-ca","17":"tag-ud-godelleta-ca"},"_links":{"self":[{"href":"https:\/\/www.tucomarca.com\/wordpress\/segunda\/ca\/wp-json\/wp\/v2\/posts\/174989","targetHints":{"allow":["GET"]}}],"collection":[{"href":"https:\/\/www.tucomarca.com\/wordpress\/segunda\/ca\/wp-json\/wp\/v2\/posts"}],"about":[{"href":"https:\/\/www.tucomarca.com\/wordpress\/segunda\/ca\/wp-json\/wp\/v2\/types\/post"}],"author":[{"embeddable":true,"href":"https:\/\/www.tucomarca.com\/wordpress\/segunda\/ca\/wp-json\/wp\/v2\/users\/12"}],"replies":[{"embeddable":true,"href":"https:\/\/www.tucomarca.com\/wordpress\/segunda\/ca\/wp-json\/wp\/v2\/comments?post=174989"}],"version-history":[{"count":0,"href":"https:\/\/www.tucomarca.com\/wordpress\/segunda\/ca\/wp-json\/wp\/v2\/posts\/174989\/revisions"}],"wp:featuredmedia":[{"embeddable":true,"href":"https:\/\/www.tucomarca.com\/wordpress\/segunda\/ca\/wp-json\/wp\/v2\/media\/174982"}],"wp:attachment":[{"href":"https:\/\/www.tucomarca.com\/wordpress\/segunda\/ca\/wp-json\/wp\/v2\/media?parent=174989"}],"wp:term":[{"taxonomy":"category","embeddable":true,"href":"https:\/\/www.tucomarca.com\/wordpress\/segunda\/ca\/wp-json\/wp\/v2\/categories?post=174989"},{"taxonomy":"post_tag","embeddable":true,"href":"https:\/\/www.tucomarca.com\/wordpress\/segunda\/ca\/wp-json\/wp\/v2\/tags?post=174989"}],"curies":[{"name":"wp","href":"https:\/\/api.w.org\/{rel}","templated":true}]}}