{"id":175010,"date":"2022-12-30T10:00:00","date_gmt":"2022-12-30T08:00:00","guid":{"rendered":"https:\/\/www.tucomarca.com\/wordpress\/segunda\/?p=175010"},"modified":"2023-01-02T11:48:02","modified_gmt":"2023-01-02T09:48:02","slug":"la-iniciativa-desperta-la-teua-ment-jugant-presenta-una-opcio-doci-saludable-per-a-totes-les-edats-a-xest","status":"publish","type":"post","link":"https:\/\/www.tucomarca.com\/wordpress\/segunda\/ca\/la-iniciativa-desperta-la-teua-ment-jugant-presenta-una-opcio-doci-saludable-per-a-totes-les-edats-a-xest\/","title":{"rendered":"La iniciativa \u201cDesperta la teua ment jugant\u201d presenta una opci\u00f3 d&#8217;oci saludable per a totes les edats a Xest"},"content":{"rendered":"\n<p>Desp\u00fas-ahir, 28 de desembre, i ahir, dia 29, s&#8217;ha desenvolupat als patis del CEIP Francisco Giner dels Rius l&#8217;activitat Desperta la teua ment jugant, programada des de la regidoria de Sanitat amb l&#8217;objectiu de fomentar la pr\u00e0ctica d&#8217;activitats cognitives i f\u00edsiques, promoure h\u00e0bits de vida saludables i oferir a la poblaci\u00f3 una opci\u00f3 d&#8217;oci saludable durant aquestes festes nadalenques.<br>La iniciativa s&#8217;emmarca dins del Pla Municipal de Salut i per al seu desenvolupament ha comptat amb la col\u00b7laboraci\u00f3 de 25 persones volunt\u00e0ries, en la seua majoria professorat en actiu i alumnat del Centre de Formaci\u00f3 de Persones Adultes, els qui han guiat diferents tallers i jocs al costat de les coordinadores del programa d&#8217;Envelliment actiu de Xest, personal de l&#8217;empresa Tempssport, de l&#8217;associaci\u00f3 ChesteFit, un grup de persones jubilades i els regidors de Medi Ambient i Serveis, David Pujals i Jos\u00e9 Vicente Guijarro. \u201cVull agrair a totes aquestes persones la seua implicaci\u00f3, bon fer i col\u00b7laboraci\u00f3, ja que ha sigut fonamental per a poder realitzar l&#8217;activitat\u201d, ha declarat la regidora de Sanitat, Mar\u00eda \u00c1ngeles Llorente.<br>Tal com ha manifestat la regidora, aquesta activitat t\u00e9 com a objectiu principal que, en un ambient divertit i de joc, les persones participants socialitzen, aprenguen, desenvolupen capacitats f\u00edsiques i cognitives i coneguen diferents pr\u00e0ctiques que ajuden a retardar la deterioraci\u00f3 de la ment i del cos. \u201c317 persones han realitzat els circuits de jocs en un ambient dist\u00e9s, de cooperaci\u00f3 i solidaritat. S&#8217;han complit amb escreix els objectius de l&#8217;activitat, demostrant que el joc \u00e9s un element de gran import\u00e0ncia i valor per al manteniment de la salut f\u00edsica i mental\u201d, ha apuntat.\u00a0<br>Les activitats es van dividir en tres zones. En la primera d&#8217;elles, els i les assistents tenien l&#8217;opci\u00f3 de participar en un circuit de puzles i accedir a una zona de joc lliure. Alguns dels jocs que s&#8217;han pogut realitzar durant les dues jornades han sigut Rummi, escacs, Brain Box, Bomba de s\u00edl\u00b7labes, Memory o Quatre en ratlla, sota la coordinaci\u00f3 d&#8217;Amparo Mart\u00ednez, juntament amb volunt\u00e0ries del taller de mem\u00f2ria.<br>En l&#8217;altra part del pati, es van habilitar diferents espais per als jocs cognitius i populars. Dins dels jocs cognitius es presentaven diferents din\u00e0miques, amb t\u00edtols com a Mem\u00f2ria en moviment, Presentaci\u00f3 del grup, Abecedari en moviment o Coordinacions de segments, tots ells coordinats per \u00c1ngeles Chuli\u00e1. A m\u00e9s, en aqueix mateix espai tamb\u00e9 es van realitzar jocs populars com la conga, el joc de les cadires, escales de coordinaci\u00f3, el joc del mocador i carreres de sacs. Aquestes activitats van estar coordinades per Alba Dom\u00e9nech i un grup de persones volunt\u00e0ries.<br>El circuit finalitzava en la tercera zona habilitada del pati, on persones de totes les edats han gaudit de les classes de ball impartides per l&#8217;associaci\u00f3 ChesteFit.<br>\u201cDesperta la teua ment jugant pret\u00e9n fer conscient a la poblaci\u00f3 de les capacitats i valors que es desenvolupen i es mantenen amb la pr\u00e0ctica de jocs de taula o tradicionals; o mitjan\u00e7ant el moviment del cos, com s&#8217;ha fet en aquesta ocasi\u00f3 a trav\u00e9s del ball. Durant dos dies, les persones que han participat han treballat, amb un enfocament totalment l\u00fadic, l&#8217;atenci\u00f3, la concentraci\u00f3, la mem\u00f2ria, compet\u00e8ncies ling\u00fc\u00edstiques, la improvisaci\u00f3, l&#8217;espontane\u00eftat, la imaginaci\u00f3, la disciplina, el control de les emocions, la resoluci\u00f3 de problemes i la presa de decisions; tamb\u00e9 la motricitat, la coordinaci\u00f3, la flexibilitat, la for\u00e7a o l&#8217;equilibri a trav\u00e9s de jocs cognitius en els quals interv\u00e9 el moviment\u201d, ha concl\u00f2s Llorente.<\/p>\n\n\n\n<figure class=\"wp-block-gallery has-nested-images columns-2 is-cropped wp-block-gallery-1 is-layout-flex wp-block-gallery-is-layout-flex\">\n<figure class=\"wp-block-image size-large\"><img loading=\"lazy\" decoding=\"async\" width=\"886\" height=\"591\" data-id=\"174995\" src=\"http:\/\/www.tucomarca.com\/wordpress\/segunda\/wp-content\/uploads\/2022\/12\/CHESTE_DespiertaTuMente_1.jpg\" alt=\"\" class=\"wp-image-174995\" srcset=\"https:\/\/www.tucomarca.com\/wordpress\/segunda\/wp-content\/uploads\/2022\/12\/CHESTE_DespiertaTuMente_1.jpg 886w, https:\/\/www.tucomarca.com\/wordpress\/segunda\/wp-content\/uploads\/2022\/12\/CHESTE_DespiertaTuMente_1-300x200.jpg 300w, https:\/\/www.tucomarca.com\/wordpress\/segunda\/wp-content\/uploads\/2022\/12\/CHESTE_DespiertaTuMente_1-768x512.jpg 768w\" sizes=\"auto, (max-width: 886px) 100vw, 886px\" \/><\/figure>\n\n\n\n<figure class=\"wp-block-image size-large\"><img loading=\"lazy\" decoding=\"async\" width=\"886\" height=\"591\" data-id=\"174997\" src=\"http:\/\/www.tucomarca.com\/wordpress\/segunda\/wp-content\/uploads\/2022\/12\/CHESTE_DespiertaTuMente_2.jpg\" alt=\"\" class=\"wp-image-174997\" srcset=\"https:\/\/www.tucomarca.com\/wordpress\/segunda\/wp-content\/uploads\/2022\/12\/CHESTE_DespiertaTuMente_2.jpg 886w, https:\/\/www.tucomarca.com\/wordpress\/segunda\/wp-content\/uploads\/2022\/12\/CHESTE_DespiertaTuMente_2-300x200.jpg 300w, https:\/\/www.tucomarca.com\/wordpress\/segunda\/wp-content\/uploads\/2022\/12\/CHESTE_DespiertaTuMente_2-768x512.jpg 768w\" sizes=\"auto, (max-width: 886px) 100vw, 886px\" \/><\/figure>\n\n\n\n<figure class=\"wp-block-image size-large\"><img loading=\"lazy\" decoding=\"async\" width=\"886\" height=\"591\" data-id=\"174999\" src=\"http:\/\/www.tucomarca.com\/wordpress\/segunda\/wp-content\/uploads\/2022\/12\/CHESTE_DespiertaTuMente_3.jpg\" alt=\"\" class=\"wp-image-174999\" srcset=\"https:\/\/www.tucomarca.com\/wordpress\/segunda\/wp-content\/uploads\/2022\/12\/CHESTE_DespiertaTuMente_3.jpg 886w, https:\/\/www.tucomarca.com\/wordpress\/segunda\/wp-content\/uploads\/2022\/12\/CHESTE_DespiertaTuMente_3-300x200.jpg 300w, https:\/\/www.tucomarca.com\/wordpress\/segunda\/wp-content\/uploads\/2022\/12\/CHESTE_DespiertaTuMente_3-768x512.jpg 768w\" sizes=\"auto, (max-width: 886px) 100vw, 886px\" \/><\/figure>\n\n\n\n<figure class=\"wp-block-image size-large\"><img loading=\"lazy\" decoding=\"async\" width=\"886\" height=\"591\" data-id=\"175001\" src=\"http:\/\/www.tucomarca.com\/wordpress\/segunda\/wp-content\/uploads\/2022\/12\/CHESTE_DespiertaTuMente_4.jpg\" alt=\"\" class=\"wp-image-175001\" srcset=\"https:\/\/www.tucomarca.com\/wordpress\/segunda\/wp-content\/uploads\/2022\/12\/CHESTE_DespiertaTuMente_4.jpg 886w, https:\/\/www.tucomarca.com\/wordpress\/segunda\/wp-content\/uploads\/2022\/12\/CHESTE_DespiertaTuMente_4-300x200.jpg 300w, https:\/\/www.tucomarca.com\/wordpress\/segunda\/wp-content\/uploads\/2022\/12\/CHESTE_DespiertaTuMente_4-768x512.jpg 768w\" sizes=\"auto, (max-width: 886px) 100vw, 886px\" \/><\/figure>\n\n\n\n<figure class=\"wp-block-image size-large\"><img loading=\"lazy\" decoding=\"async\" width=\"886\" height=\"591\" data-id=\"175003\" src=\"http:\/\/www.tucomarca.com\/wordpress\/segunda\/wp-content\/uploads\/2022\/12\/CHESTE_DespiertaTuMente_5.jpg\" alt=\"\" class=\"wp-image-175003\" srcset=\"https:\/\/www.tucomarca.com\/wordpress\/segunda\/wp-content\/uploads\/2022\/12\/CHESTE_DespiertaTuMente_5.jpg 886w, https:\/\/www.tucomarca.com\/wordpress\/segunda\/wp-content\/uploads\/2022\/12\/CHESTE_DespiertaTuMente_5-300x200.jpg 300w, https:\/\/www.tucomarca.com\/wordpress\/segunda\/wp-content\/uploads\/2022\/12\/CHESTE_DespiertaTuMente_5-768x512.jpg 768w\" sizes=\"auto, (max-width: 886px) 100vw, 886px\" \/><\/figure>\n\n\n\n<figure class=\"wp-block-image size-large\"><img loading=\"lazy\" decoding=\"async\" width=\"886\" height=\"591\" data-id=\"175007\" src=\"http:\/\/www.tucomarca.com\/wordpress\/segunda\/wp-content\/uploads\/2022\/12\/CHESTE_DespiertaTuMente_7.jpg\" alt=\"\" class=\"wp-image-175007\" srcset=\"https:\/\/www.tucomarca.com\/wordpress\/segunda\/wp-content\/uploads\/2022\/12\/CHESTE_DespiertaTuMente_7.jpg 886w, https:\/\/www.tucomarca.com\/wordpress\/segunda\/wp-content\/uploads\/2022\/12\/CHESTE_DespiertaTuMente_7-300x200.jpg 300w, https:\/\/www.tucomarca.com\/wordpress\/segunda\/wp-content\/uploads\/2022\/12\/CHESTE_DespiertaTuMente_7-768x512.jpg 768w\" sizes=\"auto, (max-width: 886px) 100vw, 886px\" \/><\/figure>\n<\/figure>\n","protected":false},"excerpt":{"rendered":"<div class=\"mh-excerpt\">Desp\u00fas-ahir, 28 de desembre, i ahir, dia 29, s&#8217;ha desenvolupat als patis del CEIP Francisco Giner dels Rius l&#8217;activitat Desperta la teua ment jugant, programada des de la regidoria de Sanitat amb l&#8217;objectiu de fomentar <a class=\"mh-excerpt-more\" href=\"https:\/\/www.tucomarca.com\/wordpress\/segunda\/ca\/la-iniciativa-desperta-la-teua-ment-jugant-presenta-una-opcio-doci-saludable-per-a-totes-les-edats-a-xest\/\" title=\"La iniciativa \u201cDesperta la teua ment jugant\u201d presenta una opci\u00f3 d&#8217;oci saludable per a totes les edats a Xest\">[+] <\/a><\/div>\n","protected":false},"author":12,"featured_media":175006,"comment_status":"open","ping_status":"open","sticky":false,"template":"","format":"gallery","meta":{"footnotes":""},"categories":[11010,10948,10894,10912,10947,10896,10974],"tags":[11071,18556,18605,10914],"class_list":{"0":"post-175010","1":"post","2":"type-post","3":"status-publish","4":"format-gallery","5":"has-post-thumbnail","7":"category-canal-salud","8":"category-infraestructuras-ca","9":"category-la-comarca-ca","10":"category-la-hoya-ca","11":"category-politica","12":"category-seccion-ca","13":"category-cheste-ca","14":"tag-cheste","15":"tag-chestefit-ca","16":"tag-despierta-tu-mente-jugando-ca","17":"tag-la-hoya-de-bunol-chiva-ca","18":"post_format-post-format-gallery"},"_links":{"self":[{"href":"https:\/\/www.tucomarca.com\/wordpress\/segunda\/ca\/wp-json\/wp\/v2\/posts\/175010","targetHints":{"allow":["GET"]}}],"collection":[{"href":"https:\/\/www.tucomarca.com\/wordpress\/segunda\/ca\/wp-json\/wp\/v2\/posts"}],"about":[{"href":"https:\/\/www.tucomarca.com\/wordpress\/segunda\/ca\/wp-json\/wp\/v2\/types\/post"}],"author":[{"embeddable":true,"href":"https:\/\/www.tucomarca.com\/wordpress\/segunda\/ca\/wp-json\/wp\/v2\/users\/12"}],"replies":[{"embeddable":true,"href":"https:\/\/www.tucomarca.com\/wordpress\/segunda\/ca\/wp-json\/wp\/v2\/comments?post=175010"}],"version-history":[{"count":0,"href":"https:\/\/www.tucomarca.com\/wordpress\/segunda\/ca\/wp-json\/wp\/v2\/posts\/175010\/revisions"}],"wp:featuredmedia":[{"embeddable":true,"href":"https:\/\/www.tucomarca.com\/wordpress\/segunda\/ca\/wp-json\/wp\/v2\/media\/175006"}],"wp:attachment":[{"href":"https:\/\/www.tucomarca.com\/wordpress\/segunda\/ca\/wp-json\/wp\/v2\/media?parent=175010"}],"wp:term":[{"taxonomy":"category","embeddable":true,"href":"https:\/\/www.tucomarca.com\/wordpress\/segunda\/ca\/wp-json\/wp\/v2\/categories?post=175010"},{"taxonomy":"post_tag","embeddable":true,"href":"https:\/\/www.tucomarca.com\/wordpress\/segunda\/ca\/wp-json\/wp\/v2\/tags?post=175010"}],"curies":[{"name":"wp","href":"https:\/\/api.w.org\/{rel}","templated":true}]}}