{"id":175026,"date":"2022-12-31T10:00:00","date_gmt":"2022-12-31T08:00:00","guid":{"rendered":"https:\/\/www.tucomarca.com\/wordpress\/segunda\/?p=175026"},"modified":"2023-01-02T11:30:23","modified_gmt":"2023-01-02T09:30:23","slug":"identidade-el-nou-disc-damalia-tortajada-i-andrea-gonzalez-caballero-rep-el-premi-carles-santos-a-millor-album-de-musica-classica-i-la-distincio-meloman-dor","status":"publish","type":"post","link":"https:\/\/www.tucomarca.com\/wordpress\/segunda\/ca\/identidade-el-nou-disc-damalia-tortajada-i-andrea-gonzalez-caballero-rep-el-premi-carles-santos-a-millor-album-de-musica-classica-i-la-distincio-meloman-dor\/","title":{"rendered":"&#8216;Identidade&#8217;, el nou disc d&#8217;Amalia Tortajada i Andrea Gonz\u00e1lez Caballero, rep el premi Carles Santos a millor \u00e0lbum de M\u00fasica Cl\u00e0ssica i la distinci\u00f3 Mel\u00f2man d&#8217;Or"},"content":{"rendered":"\n<p>El passat dia 16 de Desembre es va celebrar la gala dels Premis Carles Santos de la M\u00fasica Valenciana en el Teatre Principal de Val\u00e8ncia. Els premis consten de 16 categories que engloben diferents estils musicals, i tenen com a objectiu recon\u00e9ixer les millors produccions discogr\u00e0fiques i promocionar als seus artistes. Entre els nominats es trobava IDENTIDADE, el grup format per dones de diferents camps art\u00edstics que recentment han publicat el seu primer album hom\u00f2nim.<\/p>\n\n\n\n<p>El projecte inclo\u00efa l&#8217;estrena de quatre composicions per a flauta i guitarra, de les quals tres van ser comissionades per les creadores d&#8217;aquest reeixit projecte: Celia Ruiz Artacho (enginyera de so), Amalia Tortajada (flauta) i Andrea Gonz\u00e1lez Caballero (guitarra).&nbsp;<\/p>\n\n\n\n<p>Despr\u00e9s de la gala retransmesa en directe per a Punt Mitjana, es van con\u00e9ixer els guanyadors de les diverses categories, entre les quals s&#8217;inclo\u00efa el millor \u00e0lbum de m\u00fasica cl\u00e0ssica. Identidade s&#8217;al\u00e7ava amb el guard\u00f3, demostrant que la uni\u00f3 fa la for\u00e7a. Aquest projecte, que valora la labor de cadascuna de les dones que va participar en ell, va rebre el reconeixement a la innovaci\u00f3 dins del repertori de m\u00fasica cl\u00e0ssica.<\/p>\n\n\n\n<p>Tamb\u00e9 el mes de desembre, IDENTIDADE ha obtingut la distinci\u00f3 Mel\u00f2man d&#8217;Or atorgada per la prestigiosa revista nacional Mel\u00f2man. Un reconeixement a la qualitat i sensibilitat interpretativa d&#8217;aquest treball discogr\u00e0fic.<\/p>\n\n\n\n<p>Entre les integrants de IDENTIDADE es troben les compositores Clarice Assad (el Brasil), Gabriela Ortiz (M\u00e8xic), Elisenda F\u00e1bregas (Espanya) i Johanny Navarro (Puerto Rico). Tamb\u00e9 la fot\u00f2grafa Anna Tena, les camer\u00f2grafes Esther Conze i Lydia Ramos i la music\u00f2loga Anna Cazurra. Una mescla de moltes cultures, on predomina la conservaci\u00f3 de la identitat de cadascuna d&#8217;elles.<\/p>\n\n\n\n<figure class=\"wp-block-gallery has-nested-images columns-default is-cropped wp-block-gallery-1 is-layout-flex wp-block-gallery-is-layout-flex\">\n<figure class=\"wp-block-image size-large\"><img loading=\"lazy\" decoding=\"async\" width=\"640\" height=\"427\" data-id=\"175023\" src=\"https:\/\/www.tucomarca.com\/wordpress\/segunda\/wp-content\/uploads\/2022\/12\/AMALIApremio2-1.jpeg\" alt=\"\" class=\"wp-image-175023\" srcset=\"https:\/\/www.tucomarca.com\/wordpress\/segunda\/wp-content\/uploads\/2022\/12\/AMALIApremio2-1.jpeg 640w, https:\/\/www.tucomarca.com\/wordpress\/segunda\/wp-content\/uploads\/2022\/12\/AMALIApremio2-1-300x200.jpeg 300w\" sizes=\"auto, (max-width: 640px) 100vw, 640px\" \/><\/figure>\n\n\n\n<figure class=\"wp-block-image size-large\"><img loading=\"lazy\" decoding=\"async\" width=\"474\" height=\"640\" data-id=\"175021\" src=\"https:\/\/www.tucomarca.com\/wordpress\/segunda\/wp-content\/uploads\/2022\/12\/IMG_1097-1.jpeg\" alt=\"\" class=\"wp-image-175021\" srcset=\"https:\/\/www.tucomarca.com\/wordpress\/segunda\/wp-content\/uploads\/2022\/12\/IMG_1097-1.jpeg 474w, https:\/\/www.tucomarca.com\/wordpress\/segunda\/wp-content\/uploads\/2022\/12\/IMG_1097-1-222x300.jpeg 222w\" sizes=\"auto, (max-width: 474px) 100vw, 474px\" \/><\/figure>\n<\/figure>\n","protected":false},"excerpt":{"rendered":"<div class=\"mh-excerpt\">El passat dia 16 de Desembre es va celebrar la gala dels Premis Carles Santos de la M\u00fasica Valenciana en el Teatre Principal de Val\u00e8ncia. Els premis consten de 16 categories que engloben diferents estils <a class=\"mh-excerpt-more\" href=\"https:\/\/www.tucomarca.com\/wordpress\/segunda\/ca\/identidade-el-nou-disc-damalia-tortajada-i-andrea-gonzalez-caballero-rep-el-premi-carles-santos-a-millor-album-de-musica-classica-i-la-distincio-meloman-dor\/\" title=\"&#8216;Identidade&#8217;, el nou disc d&#8217;Amalia Tortajada i Andrea Gonz\u00e1lez Caballero, rep el premi Carles Santos a millor \u00e0lbum de M\u00fasica Cl\u00e0ssica i la distinci\u00f3 Mel\u00f2man d&#8217;Or\">[+] <\/a><\/div>\n","protected":false},"author":12,"featured_media":175016,"comment_status":"open","ping_status":"open","sticky":false,"template":"","format":"standard","meta":{"footnotes":""},"categories":[10911,11005,10894,10904,10912,11007,10896],"tags":[10913,11066,10914,15856],"class_list":{"0":"post-175026","1":"post","2":"type-post","3":"status-publish","4":"format-standard","5":"has-post-thumbnail","7":"category-bunol-ca","8":"category-canal-musica","9":"category-la-comarca-ca","10":"category-sin-categorizar-ca","11":"category-la-hoya-ca","12":"category-ocio-y-cultura-ca","13":"category-seccion-ca","14":"tag-bunol-ca","15":"tag-musica-ca","16":"tag-la-hoya-de-bunol-chiva-ca","17":"tag-ocio-y-cultura-ca"},"_links":{"self":[{"href":"https:\/\/www.tucomarca.com\/wordpress\/segunda\/ca\/wp-json\/wp\/v2\/posts\/175026","targetHints":{"allow":["GET"]}}],"collection":[{"href":"https:\/\/www.tucomarca.com\/wordpress\/segunda\/ca\/wp-json\/wp\/v2\/posts"}],"about":[{"href":"https:\/\/www.tucomarca.com\/wordpress\/segunda\/ca\/wp-json\/wp\/v2\/types\/post"}],"author":[{"embeddable":true,"href":"https:\/\/www.tucomarca.com\/wordpress\/segunda\/ca\/wp-json\/wp\/v2\/users\/12"}],"replies":[{"embeddable":true,"href":"https:\/\/www.tucomarca.com\/wordpress\/segunda\/ca\/wp-json\/wp\/v2\/comments?post=175026"}],"version-history":[{"count":0,"href":"https:\/\/www.tucomarca.com\/wordpress\/segunda\/ca\/wp-json\/wp\/v2\/posts\/175026\/revisions"}],"wp:featuredmedia":[{"embeddable":true,"href":"https:\/\/www.tucomarca.com\/wordpress\/segunda\/ca\/wp-json\/wp\/v2\/media\/175016"}],"wp:attachment":[{"href":"https:\/\/www.tucomarca.com\/wordpress\/segunda\/ca\/wp-json\/wp\/v2\/media?parent=175026"}],"wp:term":[{"taxonomy":"category","embeddable":true,"href":"https:\/\/www.tucomarca.com\/wordpress\/segunda\/ca\/wp-json\/wp\/v2\/categories?post=175026"},{"taxonomy":"post_tag","embeddable":true,"href":"https:\/\/www.tucomarca.com\/wordpress\/segunda\/ca\/wp-json\/wp\/v2\/tags?post=175026"}],"curies":[{"name":"wp","href":"https:\/\/api.w.org\/{rel}","templated":true}]}}