{"id":175032,"date":"2022-12-30T14:00:00","date_gmt":"2022-12-30T12:00:00","guid":{"rendered":"https:\/\/www.tucomarca.com\/wordpress\/segunda\/?p=175032"},"modified":"2023-01-02T11:33:38","modified_gmt":"2023-01-02T09:33:38","slug":"benaguasil-critica-el-rebuig-de-totes-les-seues-esmenes-als-pressupostos-de-2023-de-la-generalitat","status":"publish","type":"post","link":"https:\/\/www.tucomarca.com\/wordpress\/segunda\/ca\/benaguasil-critica-el-rebuig-de-totes-les-seues-esmenes-als-pressupostos-de-2023-de-la-generalitat\/","title":{"rendered":"Benaguasil critica el rebuig de totes les seues esmenes als pressupostos de 2023 de la Generalitat"},"content":{"rendered":"\n<p><strong>El govern del Bot\u00e1nic rebutja les 17 propostes presentades per Benaguasil perqu\u00e8 el govern auton\u00f2mic invertisca en infraestructures, transport, sanitat, pol\u00edtiques inclusives, sostenibilitat, esports i educaci\u00f3.<\/strong><\/p>\n\n\n\n<p><strong>Aquest rebuig significa dir no a&nbsp;projectes&nbsp;tan necessaris i reivindicats com la finalitzaci\u00f3 de la CV-50.<\/strong><\/p>\n\n\n\n<p>Els tres partits que componen el Govern Auton\u00f2mic, PSOE, Compromis i Podemos,han rebutjat les esmenes presentades per l&#8217;Ajuntament de Benaguasil, a trav\u00e9s del PPCV, als pressupostos de la Generalitat per a 2023.<\/p>\n\n\n\n<p>Des del govern municipal consideren que aquest rebuig \u201csuposa donar de nou l&#8217;esquena a Benaguasil i a Camp de T\u00faria\u201d i han lamentat que \u201cun any m\u00e9s no hagen sigut acceptades les propostes presentades per a defensar les necessitats de Benaguasil i que redundaven a millorar la vida dels ve\u00efns, generar inversi\u00f3, ocupaci\u00f3, desenvolupament econ\u00f2mic i benestar\u201d.<\/p>\n\n\n\n<p>Entre la bateria d&#8217;esmenes que l&#8217;Ajuntament sol\u00b7licitava que es contemplaren destacaven la petici\u00f3 perqu\u00e8 la Generalitat Valenciana finalitze la CV-50, la inclusi\u00f3 d&#8217;una partida per a l&#8217;execuci\u00f3 d&#8217;obres per a evitar la inundabilitat en la zona baixa del municipi a conseq\u00fc\u00e8ncia de les pluges torrencials, la posada en marxa de transport d&#8217;un autob\u00fas Lliria-Val\u00e8ncia, la reducci\u00f3 de la freq\u00fc\u00e8ncia de pas del trajecte de metre de la l\u00ednia 2 Ll\u00edria-Val\u00e8ncia i la inclusi\u00f3 d&#8217;una nova parada d&#8217;autob\u00fas EMT en l&#8217;actual l\u00ednia Ll\u00edria-Val\u00e8ncia.&nbsp;<\/p>\n\n\n\n<p>Aix\u00ed mateix es proposava ampliar el servei d&#8217;obstetr\u00edcia i pediatria a l&#8217;Hospital de Ll\u00edria aix\u00ed com obres de condicionament per a situar en el Centre de Salut el servei de rehabilitaci\u00f3 i un edifici destinat a Serveis Socials<\/p>\n\n\n\n<p>Tamb\u00e9, s&#8217;han rebutjat esmenes que reclamaven invertir en la superf\u00edcie del Parc Natural a Benaguasil en mat\u00e8ria de camins rurals, crear una zona d&#8217;esplai m\u00e9s segura en l&#8217;\u00c0rea Recreativa de la Fenosa, a m\u00e9s de la substituci\u00f3 de llumin\u00e0ries en la via p\u00fablica, ampliar el Centre Esportiu Hidrotermal i la posada en funcionament d&#8217;un aulari de l&#8217;escola oficial d&#8217;idiomes.<\/p>\n","protected":false},"excerpt":{"rendered":"<div class=\"mh-excerpt\">El govern del Bot\u00e1nic rebutja les 17 propostes presentades per Benaguasil perqu\u00e8 el govern auton\u00f2mic invertisca en infraestructures, transport, sanitat, pol\u00edtiques inclusives, sostenibilitat, esports i educaci\u00f3. Aquest rebuig significa dir no a&nbsp;projectes&nbsp;tan necessaris i reivindicats <a class=\"mh-excerpt-more\" href=\"https:\/\/www.tucomarca.com\/wordpress\/segunda\/ca\/benaguasil-critica-el-rebuig-de-totes-les-seues-esmenes-als-pressupostos-de-2023-de-la-generalitat\/\" title=\"Benaguasil critica el rebuig de totes les seues esmenes als pressupostos de 2023 de la Generalitat\">[+] <\/a><\/div>\n","protected":false},"author":12,"featured_media":175030,"comment_status":"open","ping_status":"open","sticky":false,"template":"","format":"standard","meta":{"footnotes":""},"categories":[10952,10892,10948,10894,10947,10896],"tags":[11136,10899,15293,12903,11140],"class_list":{"0":"post-175032","1":"post","2":"type-post","3":"status-publish","4":"format-standard","5":"has-post-thumbnail","7":"category-benaguasil-ca","8":"category-camp-de-turia-ca","9":"category-infraestructuras-ca","10":"category-la-comarca-ca","11":"category-politica","12":"category-seccion-ca","13":"tag-benaguasil-ca","14":"tag-camp-de-turia-ca","15":"tag-economia-ca","16":"tag-infraestructuras-ca","17":"tag-politica-ca"},"_links":{"self":[{"href":"https:\/\/www.tucomarca.com\/wordpress\/segunda\/ca\/wp-json\/wp\/v2\/posts\/175032","targetHints":{"allow":["GET"]}}],"collection":[{"href":"https:\/\/www.tucomarca.com\/wordpress\/segunda\/ca\/wp-json\/wp\/v2\/posts"}],"about":[{"href":"https:\/\/www.tucomarca.com\/wordpress\/segunda\/ca\/wp-json\/wp\/v2\/types\/post"}],"author":[{"embeddable":true,"href":"https:\/\/www.tucomarca.com\/wordpress\/segunda\/ca\/wp-json\/wp\/v2\/users\/12"}],"replies":[{"embeddable":true,"href":"https:\/\/www.tucomarca.com\/wordpress\/segunda\/ca\/wp-json\/wp\/v2\/comments?post=175032"}],"version-history":[{"count":0,"href":"https:\/\/www.tucomarca.com\/wordpress\/segunda\/ca\/wp-json\/wp\/v2\/posts\/175032\/revisions"}],"wp:featuredmedia":[{"embeddable":true,"href":"https:\/\/www.tucomarca.com\/wordpress\/segunda\/ca\/wp-json\/wp\/v2\/media\/175030"}],"wp:attachment":[{"href":"https:\/\/www.tucomarca.com\/wordpress\/segunda\/ca\/wp-json\/wp\/v2\/media?parent=175032"}],"wp:term":[{"taxonomy":"category","embeddable":true,"href":"https:\/\/www.tucomarca.com\/wordpress\/segunda\/ca\/wp-json\/wp\/v2\/categories?post=175032"},{"taxonomy":"post_tag","embeddable":true,"href":"https:\/\/www.tucomarca.com\/wordpress\/segunda\/ca\/wp-json\/wp\/v2\/tags?post=175032"}],"curies":[{"name":"wp","href":"https:\/\/api.w.org\/{rel}","templated":true}]}}