{"id":175038,"date":"2022-12-31T12:00:00","date_gmt":"2022-12-31T10:00:00","guid":{"rendered":"https:\/\/www.tucomarca.com\/wordpress\/segunda\/?p=175038"},"modified":"2023-01-02T11:27:08","modified_gmt":"2023-01-02T09:27:08","slug":"riba-roja-de-turia-200-000-euros-en-ajudes-als-habitatges-afectats-per-les-pluges-de-novembre-i-altres-468-000-euros-a-lluitar-contra-la-inflacio-en-un-pressupost-record-de-492-milions-deur","status":"publish","type":"post","link":"https:\/\/www.tucomarca.com\/wordpress\/segunda\/ca\/riba-roja-de-turia-200-000-euros-en-ajudes-als-habitatges-afectats-per-les-pluges-de-novembre-i-altres-468-000-euros-a-lluitar-contra-la-inflacio-en-un-pressupost-record-de-492-milions-deur\/","title":{"rendered":"Riba-roja de T\u00faria 200.000 euros en ajudes als habitatges afectats per les pluges de novembre i altres 468.000 euros a lluitar contra la inflaci\u00f3 en un pressupost r\u00e8cord de 49\u20192 milions d&#8217;euros"},"content":{"rendered":"\n<p><strong>L&#8217;equip de govern del PSPV aprova el pressupost del pr\u00f2xim any amb els vots a favor de Ciutadans i Comprom\u00eds despr\u00e9s d&#8217;acceptar propostes de tots dos grups en serveis p\u00fablics<\/strong><\/p>\n\n\n\n<p>El ple de l&#8217;Ajuntament de Riba-roja de T\u00faria ha aprovat un pressupost de 49\u20192 milions d&#8217;euros per a l&#8217;any vinent 2023, un 28\u20192% m\u00e9s respecte dels comptes d&#8217;enguany que estaven fixades en 38\u20194 milions d&#8217;euros. En total, es tracta de 10\u20198 milions d&#8217;euros d&#8217;augment entre tots dos exercicis en un pressupost r\u00e8cord en la hist\u00f2ria de la localitat en el qual es mantenen les prestacions socials, les obres p\u00fabliques i els serveis municipals.&nbsp;<\/p>\n\n\n\n<p>Els comptes del pr\u00f2xim any 2023 dissenyades per l&#8217;equip de govern del PSPV han comptat amb el suport, a m\u00e9s, de Ciutadans i Comprom\u00eds en incorporar a aquest document les propostes i projectes que tots dos grups han realitzat al llarg dels \u00faltims mesos, petici\u00f3 que s&#8217;havia est\u00e9s a la resta de formacions pol\u00edtiques amb representaci\u00f3 en el ple. Per part seua, Podem Riba-roja Pot, l\u2019Esquerra, el Partit Popular i Vox han votat en contra.&nbsp;<\/p>\n\n\n\n<p>El pressupost econ\u00f2mic de Riba-roja de T\u00faria tindr\u00e0 en compte els danys ocasionats per les fortes pluges ocorregudes el mes de novembre passat en la localitat amb una partida municipal de 200.000 euros per als habitatges afectats i altres 350.000 euros per a reparar els camins i carreteres que tamb\u00e9 van resultar danyades per la Dana. En total, es tracta d&#8217;un import de 550.000 euros procedents de fons exclusius municipals.&nbsp;<\/p>\n\n\n\n<p>La partida dedicada a l&#8217;ocupaci\u00f3 \u00e9s una de les m\u00e9s elevades dels \u00faltims anys amb un total de 3\u20194 milions d&#8217;euros que es destinaran en 500.000 euros per a les activitats de formaci\u00f3 per a l&#8217;ocupaci\u00f3, altres 300.000 euros per a la reactivaci\u00f3 de les empreses i 80.000 euros en el programa Ribactiva Empr\u00e9n per a afavorir l&#8217;acte-empre amb ajudes directes d&#8217;entre 3.000 i 5.000 euros per als beneficiaris.&nbsp;<\/p>\n\n\n\n<p>Els tallers d&#8217;ocupaci\u00f3 i formaci\u00f3 i els programes municipals seran un altre dels punts forts d&#8217;aquesta partida amb m\u00e9s de 250.000 euros o els 200.000 euros del pla d&#8217;ocupaci\u00f3 prejubila m\u00e9s de 60 anys. A m\u00e9s, es destinaran altres 600.000 euros per a la construcci\u00f3 del futur centre de formaci\u00f3 ue s&#8217;al\u00e7ar\u00e0 en l&#8217;\u00e0rea de Pacadar.&nbsp;<\/p>\n\n\n\n<p>Les pol\u00edtiques de Serveis Socials de Riba-roja de T\u00faria ascendiran a un total de 3\u20197 milions d&#8217;euros en total, les partides del qual m\u00e9s importants es destinen al servei d&#8217;\u00e0pats social -400.000 euros-, l&#8217;assist\u00e8ncia domicili\u00e0ria amb altres 300.000 euros, els 250.000 euros per a les prestacions econ\u00f2miques individuals o les prestacions del centre de dia amb 600.000 euros. La construcci\u00f3 de la resid\u00e8ncia de la tercera edat s&#8217;ha pressupostat en 600.000 euros mentre que altres 35.000 euros s&#8217;enfoquen a les ajudes de lloguer de persones vulnerables.&nbsp;<\/p>\n\n\n\n<p>L&#8217;\u00e0rea d&#8217;Educaci\u00f3 tindr\u00e0 una partida espec\u00edfica de 2\u20198 milions d&#8217;euros per al funcionament dels centres de prim\u00e0ria i infantil p\u00fablic existent en la localitat entre les partides de la qual destaquen els 620.000 euros de la neteja, i altres 2\u20198 milions d&#8217;euros per a diversos plans com el Bo Cultural amb 120.000 euros, els 200.000 euros del xec escolar i les despeses derivades dels conservatoris de m\u00fasica i dansa municipals.&nbsp;<\/p>\n\n\n\n<p>En Cultura s&#8217;ha disposat una altra partida de 2\u20194 milions d&#8217;euros amb 1\u20198 milions per a la millora de l&#8217;edifici del conservatori, principalment, a m\u00e9s d&#8217;altres inversions en programacions de cinema, m\u00fasica, dansa, festivals i projeccions diverses, incloses les d&#8217;\u00edndole inclusiu i les subvencions i ajudes econ\u00f2miques per a entitats i associacions. La protecci\u00f3 del patrimoni municipal s&#8217;ha pressupostat amb altres 214.350 euros.&nbsp;<\/p>\n\n\n\n<p>Per part seua, en Esports destaquen els 1\u20196 milions d&#8217;euros per a la millora del pavell\u00f3 municipal de Riba-roja de T\u00faria i els 200.000 euros per a la compra dels terrenys de la futura Ciutat Esportiva del Quint, mentre que en Seguretat Ciutadana es destinen altres 4\u20195 milions d&#8217;euros, entre ells, els 450.000 euros per a l&#8217;adquisici\u00f3 dels terrenys del nou centre per a la Policia, Bombers i Protecci\u00f3 Civil, entre altres.&nbsp;<\/p>\n\n\n\n<p>Quant als ingressos, les arques municipals augmentaran en 949.000 per l&#8217;increment de l&#8217;activitat empresarial que passa de 3\u20196 a 4\u20196 milions d&#8217;euros, un 26% m\u00e9s en l&#8217;\u00faltim any. En l&#8217;impost de construccions, instal\u00b7lacions i obres (ICIO) s&#8217;ha pressupostat un total de 2\u20192 milions d&#8217;euros, un 80% m\u00e9s que el pressupost de 2022, Per part seua, les transfer\u00e8ncies d&#8217;altres administracions suposaran 5\u20199 milions d&#8217;euros de l&#8217;Estat, altres 2\u20198 milions de la Generalitat i, finalment, altres 3\u20191 milions d&#8217;euros de la Uni\u00f3 Europea.&nbsp;<\/p>\n\n\n\n<p>El regidor d&#8217;Hisenda de Riba-roja de T\u00faria, Jos\u00e9 \u00c1ngel Hern\u00e1ndez, ha subratllat que aquests comptes \u201ccobreixen les necessitats de la nostra localitat en tindre en compte el moment econ\u00f2mic que vivim, inclosa la inflaci\u00f3, i preveure els projectes i obres municipals que s&#8217;han de dur a terme durant els pr\u00f2xims mesos sense pujar els impostos dels ve\u00efns i amb un suport al comer\u00e7, a les pimes i als emprenedors\u201d.&nbsp;<\/p>\n\n\n\n<p>Per part seua, l&#8217;alcalde de Riba-roja de T\u00faria, Robert Raga, ha agra\u00eft \u201cl&#8217;esfor\u00e7 que han realitzat els diversos departaments municipals durant els \u00faltims mesos en aquest \u00faltim pressupost de la legislatura que servir\u00e0 per al progr\u00e9s i benestar dels nostres ve\u00efns en atendre les necessitats de tots els col\u00b7lectius\u201d i, a m\u00e9s, ha subratllat \u201cla predisposici\u00f3 dels partits de l&#8217;oposici\u00f3 Ciutadans i Comprom\u00eds per aportar propostes de millora en el pressupost\u201d.<\/p>\n","protected":false},"excerpt":{"rendered":"<div class=\"mh-excerpt\">L&#8217;equip de govern del PSPV aprova el pressupost del pr\u00f2xim any amb els vots a favor de Ciutadans i Comprom\u00eds despr\u00e9s d&#8217;acceptar propostes de tots dos grups en serveis p\u00fablics El ple de l&#8217;Ajuntament de <a class=\"mh-excerpt-more\" href=\"https:\/\/www.tucomarca.com\/wordpress\/segunda\/ca\/riba-roja-de-turia-200-000-euros-en-ajudes-als-habitatges-afectats-per-les-pluges-de-novembre-i-altres-468-000-euros-a-lluitar-contra-la-inflacio-en-un-pressupost-record-de-492-milions-deur\/\" title=\"Riba-roja de T\u00faria 200.000 euros en ajudes als habitatges afectats per les pluges de novembre i altres 468.000 euros a lluitar contra la inflaci\u00f3 en un pressupost r\u00e8cord de 49\u20192 milions d&#8217;euros\">[+] <\/a><\/div>\n","protected":false},"author":12,"featured_media":175036,"comment_status":"open","ping_status":"open","sticky":false,"template":"","format":"standard","meta":{"footnotes":""},"categories":[10892,10948,10894,10904,10947,10906,10896],"tags":[13821,10899,13619,11102],"class_list":{"0":"post-175038","1":"post","2":"type-post","3":"status-publish","4":"format-standard","5":"has-post-thumbnail","7":"category-camp-de-turia-ca","8":"category-infraestructuras-ca","9":"category-la-comarca-ca","10":"category-sin-categorizar-ca","11":"category-politica","12":"category-riba-roja-ca","13":"category-seccion-ca","14":"tag-ayudas-ca","15":"tag-camp-de-turia-ca","16":"tag-presupuestos-ca","17":"tag-riba-roja-2-ca"},"_links":{"self":[{"href":"https:\/\/www.tucomarca.com\/wordpress\/segunda\/ca\/wp-json\/wp\/v2\/posts\/175038","targetHints":{"allow":["GET"]}}],"collection":[{"href":"https:\/\/www.tucomarca.com\/wordpress\/segunda\/ca\/wp-json\/wp\/v2\/posts"}],"about":[{"href":"https:\/\/www.tucomarca.com\/wordpress\/segunda\/ca\/wp-json\/wp\/v2\/types\/post"}],"author":[{"embeddable":true,"href":"https:\/\/www.tucomarca.com\/wordpress\/segunda\/ca\/wp-json\/wp\/v2\/users\/12"}],"replies":[{"embeddable":true,"href":"https:\/\/www.tucomarca.com\/wordpress\/segunda\/ca\/wp-json\/wp\/v2\/comments?post=175038"}],"version-history":[{"count":0,"href":"https:\/\/www.tucomarca.com\/wordpress\/segunda\/ca\/wp-json\/wp\/v2\/posts\/175038\/revisions"}],"wp:featuredmedia":[{"embeddable":true,"href":"https:\/\/www.tucomarca.com\/wordpress\/segunda\/ca\/wp-json\/wp\/v2\/media\/175036"}],"wp:attachment":[{"href":"https:\/\/www.tucomarca.com\/wordpress\/segunda\/ca\/wp-json\/wp\/v2\/media?parent=175038"}],"wp:term":[{"taxonomy":"category","embeddable":true,"href":"https:\/\/www.tucomarca.com\/wordpress\/segunda\/ca\/wp-json\/wp\/v2\/categories?post=175038"},{"taxonomy":"post_tag","embeddable":true,"href":"https:\/\/www.tucomarca.com\/wordpress\/segunda\/ca\/wp-json\/wp\/v2\/tags?post=175038"}],"curies":[{"name":"wp","href":"https:\/\/api.w.org\/{rel}","templated":true}]}}