{"id":175045,"date":"2022-12-31T17:00:00","date_gmt":"2022-12-31T15:00:00","guid":{"rendered":"https:\/\/www.tucomarca.com\/wordpress\/segunda\/?p=175045"},"modified":"2023-01-02T11:23:38","modified_gmt":"2023-01-02T09:23:38","slug":"el-2022-deixa-destacades-quantitats-daigua-de-pluja-a-xera-i-el-rebollar-i-mes-escasses-en-laltipla-de-requena","status":"publish","type":"post","link":"https:\/\/www.tucomarca.com\/wordpress\/segunda\/ca\/el-2022-deixa-destacades-quantitats-daigua-de-pluja-a-xera-i-el-rebollar-i-mes-escasses-en-laltipla-de-requena\/","title":{"rendered":"El 2022 deixa destacades quantitats d&#8217;aigua de pluja a Xera i el Rebollar i m\u00e9s escasses en l&#8217;altipl\u00e0 de Requena"},"content":{"rendered":"\n<p>RequenaLa comarca Requena-Utiel, ha registrat durant 2023 quantitats irregulars d&#8217;aigua de pluja, sent m\u00e9s destacades les recollides en les zones muntanyenques i les m\u00e9s escasses les caigudes en les planes d&#8217;Utiel, Requena i Caudete de las Fuentes. Segons dades de l&#8217;Associaci\u00f3 Valenciana de Meteorologia -AVAMET- destaca molt la quantitat recollida a Xera amb 807, 8 litres i els 581,2 en la pedania requenense del Rebollar. Tamb\u00e9 han sigut destacades les quantitats recollides en zones muntanyenques dels municipis de Sinarques i Venta del Moro. Per contra estan els 365,2 recollits en els Ruices i els 387,5 de Sant Antoni,zones on menys ha plogut.<br>En les zones planes ha plogut en 2022, menys del normal i en les muntanyenques una mica m\u00e9s de l&#8217;habitual.<br>El 2023 ha comen\u00e7at amb un temps estable i temperatures per damunt dels seus valors normals. Informa, <strong>Luis Ib\u00e1\u00f1ez<\/strong>.<\/p>\n","protected":false},"excerpt":{"rendered":"<div class=\"mh-excerpt\">RequenaLa comarca Requena-Utiel, ha registrat durant 2023 quantitats irregulars d&#8217;aigua de pluja, sent m\u00e9s destacades les recollides en les zones muntanyenques i les m\u00e9s escasses les caigudes en les planes d&#8217;Utiel, Requena i Caudete de <a class=\"mh-excerpt-more\" href=\"https:\/\/www.tucomarca.com\/wordpress\/segunda\/ca\/el-2022-deixa-destacades-quantitats-daigua-de-pluja-a-xera-i-el-rebollar-i-mes-escasses-en-laltipla-de-requena\/\" title=\"El 2022 deixa destacades quantitats d&#8217;aigua de pluja a Xera i el Rebollar i m\u00e9s escasses en l&#8217;altipl\u00e0 de Requena\">[+] <\/a><\/div>\n","protected":false},"author":1,"featured_media":146572,"comment_status":"open","ping_status":"open","sticky":false,"template":"","format":"standard","meta":{"footnotes":""},"categories":[10905,11046,10898,10894,10909,10896,11037],"tags":[11309,11318,11351,10910],"class_list":{"0":"post-175045","1":"post","2":"type-post","3":"status-publish","4":"format-standard","5":"has-post-thumbnail","7":"category-agricultura-la-comarca-ca","8":"category-los-serranos-ca","9":"category-ventana-ca","10":"category-la-comarca-ca","11":"category-requena-utiel-ca","12":"category-seccion-ca","13":"category-chera-los-serranos-ca","14":"tag-agricultura-ca","15":"tag-chera-ca","16":"tag-lluvias-ca","17":"tag-requena-utiel-ca"},"_links":{"self":[{"href":"https:\/\/www.tucomarca.com\/wordpress\/segunda\/ca\/wp-json\/wp\/v2\/posts\/175045","targetHints":{"allow":["GET"]}}],"collection":[{"href":"https:\/\/www.tucomarca.com\/wordpress\/segunda\/ca\/wp-json\/wp\/v2\/posts"}],"about":[{"href":"https:\/\/www.tucomarca.com\/wordpress\/segunda\/ca\/wp-json\/wp\/v2\/types\/post"}],"author":[{"embeddable":true,"href":"https:\/\/www.tucomarca.com\/wordpress\/segunda\/ca\/wp-json\/wp\/v2\/users\/1"}],"replies":[{"embeddable":true,"href":"https:\/\/www.tucomarca.com\/wordpress\/segunda\/ca\/wp-json\/wp\/v2\/comments?post=175045"}],"version-history":[{"count":0,"href":"https:\/\/www.tucomarca.com\/wordpress\/segunda\/ca\/wp-json\/wp\/v2\/posts\/175045\/revisions"}],"wp:featuredmedia":[{"embeddable":true,"href":"https:\/\/www.tucomarca.com\/wordpress\/segunda\/ca\/wp-json\/wp\/v2\/media\/146572"}],"wp:attachment":[{"href":"https:\/\/www.tucomarca.com\/wordpress\/segunda\/ca\/wp-json\/wp\/v2\/media?parent=175045"}],"wp:term":[{"taxonomy":"category","embeddable":true,"href":"https:\/\/www.tucomarca.com\/wordpress\/segunda\/ca\/wp-json\/wp\/v2\/categories?post=175045"},{"taxonomy":"post_tag","embeddable":true,"href":"https:\/\/www.tucomarca.com\/wordpress\/segunda\/ca\/wp-json\/wp\/v2\/tags?post=175045"}],"curies":[{"name":"wp","href":"https:\/\/api.w.org\/{rel}","templated":true}]}}