{"id":175068,"date":"2022-12-31T19:00:00","date_gmt":"2022-12-31T17:00:00","guid":{"rendered":"https:\/\/www.tucomarca.com\/wordpress\/segunda\/?p=175068"},"modified":"2023-01-02T13:17:52","modified_gmt":"2023-01-02T11:17:52","slug":"la-guardia-civil-salva-la-vida-de-48-animals-a-valencia","status":"publish","type":"post","link":"https:\/\/www.tucomarca.com\/wordpress\/segunda\/ca\/la-guardia-civil-salva-la-vida-de-48-animals-a-valencia\/","title":{"rendered":"La Gu\u00e0rdia Civil salva la vida de 48 animals a Xest i Monserrat"},"content":{"rendered":"\n<h3 class=\"wp-block-heading\"><strong>45 tords vius havien sigut capturats mitjan\u00e7ant el m\u00e8tode il\u00b7legal de ca\u00e7a denominat \u2018PARANY\u2019<\/strong><\/h3>\n\n\n\n<h3 class=\"wp-block-heading\"><strong>3 gossos d&#8217;una de les denominades races potencialment perilloses, van ser rescatats amb greus lesions i en estat de desnutrici\u00f3<\/strong><\/h3>\n\n\n\n<p>La Gu\u00e0rdia Civil de Val\u00e8ncia rescata la vida de 48 animals, entre els quals es troben 45 tords capturats mitjan\u00e7ant el m\u00e8tode \u2018PARANY\u2019 i 3 gossos American Stafford-Bully amb diverses lesions i en estat de desnutrici\u00f3.<br>Totes dues actuacions han sigut dutes a terme durant el mes de novembre. La primera d&#8217;elles, va comen\u00e7ar despr\u00e9s de procedir-se al visionat, durant un servei nocturn i amb c\u00e0meres d&#8217;infrarojos, d&#8217;una zona en la qual es va observar la pres\u00e8ncia d&#8217;un \u2018PARANY\u2019, concretament el paratge denominat Anzur del terme municipal de Xest. Aquest \u00e9s un m\u00e8tode prohibit de ca\u00e7a consistent en la implantaci\u00f3 de paranys per a ocells disposades en els arbres on es col\u00b7loquen &#8216;penjadors&#8217; (fustes amb clivelles) a les quals se li posen unes &#8216;varetas&#8217; impregnades amb subst\u00e0ncia adhesiva (lliga) per a capturar als ocells. Aquestes s\u00f3n atretes cap a l&#8217;interior dels arbres amb l&#8217;ajuda de reclams electr\u00f2nics, de manera que, en posar-se sobre els penjadors impregnats en aquesta cola, aquest s&#8217;adhereix al plomatge, perdent la capacitat de vol i caient a l&#8217;interior del \u2018Parany\u2019, que es troba circumdat amb alguna mena de xarxa o malla on queden atrapats.<br>L&#8217;\u00fas de la lliga aix\u00ed com de xarxes per a la presa estan prohibits tant per la Directiva 79\/409\/CEE, relativa a la conservaci\u00f3 d&#8217;ocells silvestres, com per la Llei 42\/2007 del Patrimoni Natural i de la Biodiversitat, en tractar-se de m\u00e8todes de ca\u00e7a massius no selectius.<br>D&#8217;aquesta manera, la Patrulla del Servei de Protecci\u00f3 de la Naturalesa de Val\u00e8ncia ha rescatat 45 tords vius i 5 morts, els quals s\u00f3n entregats en el Centre de Recuperaci\u00f3 de Fauna de la Generalitat Valenciana del Saler, amb la finalitat d&#8217;eliminar la cola del seu plomatge i ser posteriorment alliberats al medi natural.<br>A m\u00e9s, s&#8217;han decomissat els seg\u00fcents utensilis: 1 reclam electr\u00f2nic d&#8217;avan\u00e7at disseny i nombroses varetas impregnades de cola. Dues persones de nacionalitat espanyola estan sent investigades per un delicte contra la fauna.\u00a0<br>La segona actuaci\u00f3 ha sigut duta a terme en la localitat de Montserrat (Val\u00e8ncia) per agents de Seguretat Ciutadana, els qui es van adonar durant el servei que, a l&#8217;interior d&#8217;un xalet, 3 gossos d&#8217;una de les denominades races perilloses, es trobaven emetent laments i presentaven ferides de gravetat. Els animals estaven en un clar estat d&#8217;aband\u00f3, tant per les seues condicions f\u00edsiques com per la insalubritat del lloc en el qual habitaven, ja que la parcel\u00b7la semblava estar sent utilitzada com a abocador o desballestament.\u00a0<br>Despr\u00e9s d&#8217;aconseguir donar amb la identitat dels propietaris de l&#8217;habitatge, gr\u00e0cies a la col\u00b7laboraci\u00f3 de Policia Local, aquests es van personar en el lloc. Els agents van procedir a l&#8217;acc\u00e9s a la parcel\u00b7la, amb el consentiment dels propietaris all\u00ed presents, i van verificar que 2 dels gossos presentaven diverses ferides de gravetat, fins i tot en un d&#8217;ells es va poder constatar l&#8217;abs\u00e8ncia de parts toves de les orelles. Els tres animals dom\u00e8stics es trobaven en estat aparent de desnutrici\u00f3 i vivien envoltats de la seua pr\u00f2pia femta. A causa de la situaci\u00f3 que presentava el lloc, els agents no van ser capa\u00e7os de localitzar cap menjadora ni abeurador, en cas que aquest existira.\u00a0<br>Despr\u00e9s del rescat pels agents de la Gu\u00e0rdia Civil de Val\u00e8ncia, els animals van ser entregats a una empresa de gesti\u00f3 de recollida d&#8217;animals.\u00a0<br>2 persones, un home de 24 anys i una dona de 21, tots dos de nacionalitat espanyola, estan sent investigats per un delicte de maltractament d&#8217;animals dom\u00e8stics.\u00a0<br>Les dilig\u00e8ncies de la primera actuaci\u00f3 han sigut entregades en la Secci\u00f3 de Medi Ambient i Urbanisme de la Fiscalia Provincial de Val\u00e8ncia.<br>Les dilig\u00e8ncies de la segona actuaci\u00f3 han sigut entregades en el Jutjat de Primera Inst\u00e0ncia i Instrucci\u00f3 N\u00famero 1 de Picassent.<\/p>\n\n\n\n<p><\/p>\n\n\n\n<p><\/p>\n\n\n\n<p><\/p>\n","protected":false},"excerpt":{"rendered":"<div class=\"mh-excerpt\">45 tords vius havien sigut capturats mitjan\u00e7ant el m\u00e8tode il\u00b7legal de ca\u00e7a denominat \u2018PARANY\u2019 3 gossos d&#8217;una de les denominades races potencialment perilloses, van ser rescatats amb greus lesions i en estat de desnutrici\u00f3 La <a class=\"mh-excerpt-more\" href=\"https:\/\/www.tucomarca.com\/wordpress\/segunda\/ca\/la-guardia-civil-salva-la-vida-de-48-animals-a-valencia\/\" title=\"La Gu\u00e0rdia Civil salva la vida de 48 animals a Xest i Monserrat\">[+] <\/a><\/div>\n","protected":false},"author":1,"featured_media":175066,"comment_status":"open","ping_status":"open","sticky":false,"template":"","format":"standard","meta":{"footnotes":""},"categories":[10898,10894,10904,10912,10902,10903,11000,10896,10897,10974],"tags":[11071,11118,10914,11077,11208],"class_list":{"0":"post-175068","1":"post","2":"type-post","3":"status-publish","4":"format-standard","5":"has-post-thumbnail","7":"category-ventana-ca","8":"category-la-comarca-ca","9":"category-sin-categorizar-ca","10":"category-la-hoya-ca","11":"category-la-ribera-ca","12":"category-medio-ambiente-la-comarca-ca","13":"category-monserrat-ca","14":"category-seccion-ca","15":"category-sucesos-la-comarca-ca","16":"category-cheste-ca","17":"tag-cheste","18":"tag-guardia-civil-ca","19":"tag-la-hoya-de-bunol-chiva-ca","20":"tag-la-ribera-alta-ca","21":"tag-monserrat-ca"},"_links":{"self":[{"href":"https:\/\/www.tucomarca.com\/wordpress\/segunda\/ca\/wp-json\/wp\/v2\/posts\/175068","targetHints":{"allow":["GET"]}}],"collection":[{"href":"https:\/\/www.tucomarca.com\/wordpress\/segunda\/ca\/wp-json\/wp\/v2\/posts"}],"about":[{"href":"https:\/\/www.tucomarca.com\/wordpress\/segunda\/ca\/wp-json\/wp\/v2\/types\/post"}],"author":[{"embeddable":true,"href":"https:\/\/www.tucomarca.com\/wordpress\/segunda\/ca\/wp-json\/wp\/v2\/users\/1"}],"replies":[{"embeddable":true,"href":"https:\/\/www.tucomarca.com\/wordpress\/segunda\/ca\/wp-json\/wp\/v2\/comments?post=175068"}],"version-history":[{"count":0,"href":"https:\/\/www.tucomarca.com\/wordpress\/segunda\/ca\/wp-json\/wp\/v2\/posts\/175068\/revisions"}],"wp:featuredmedia":[{"embeddable":true,"href":"https:\/\/www.tucomarca.com\/wordpress\/segunda\/ca\/wp-json\/wp\/v2\/media\/175066"}],"wp:attachment":[{"href":"https:\/\/www.tucomarca.com\/wordpress\/segunda\/ca\/wp-json\/wp\/v2\/media?parent=175068"}],"wp:term":[{"taxonomy":"category","embeddable":true,"href":"https:\/\/www.tucomarca.com\/wordpress\/segunda\/ca\/wp-json\/wp\/v2\/categories?post=175068"},{"taxonomy":"post_tag","embeddable":true,"href":"https:\/\/www.tucomarca.com\/wordpress\/segunda\/ca\/wp-json\/wp\/v2\/tags?post=175068"}],"curies":[{"name":"wp","href":"https:\/\/api.w.org\/{rel}","templated":true}]}}