{"id":175128,"date":"2023-01-03T09:00:00","date_gmt":"2023-01-03T07:00:00","guid":{"rendered":"https:\/\/www.tucomarca.com\/wordpress\/segunda\/?p=175128"},"modified":"2023-01-03T15:59:05","modified_gmt":"2023-01-03T13:59:05","slug":"la-generalitat-posa-en-funcionament-deu-noves-unitats-judicials-a-valencia-alzira-sueca-alacant-elx-lliria-sagunt-i-nules","status":"publish","type":"post","link":"https:\/\/www.tucomarca.com\/wordpress\/segunda\/ca\/la-generalitat-posa-en-funcionament-deu-noves-unitats-judicials-a-valencia-alzira-sueca-alacant-elx-lliria-sagunt-i-nules\/","title":{"rendered":"La Generalitat posa en funcionament deu noves unitats judicials a Val\u00e8ncia, Alzira, Sueca, Alacant, Elx, Ll\u00edria, Sagunt i Nules"},"content":{"rendered":"\n<h4 class=\"wp-block-heading\">S\u00f3n cinc nous jutjats de Viol\u00e8ncia sobre la Dona, tres de 1a Inst\u00e0ncia i Instrucci\u00f3, un del Contenci\u00f3s-Administratiu i una pla\u00e7a de magistrat<\/h4>\n\n\n\n<h4 class=\"wp-block-heading\">Gabriela Bravo destaca que, des de 2015 a 2022, la planta judicial ha crescut en 46 nous \u00f2rgans per als quals s&#8217;han creat 250 places de personal funcionari<\/h4>\n\n\n\n<p>La Comunitat Valenciana compte des d&#8217;aquest dilluns amb deu noves unitats judi-ciales, cinc nous jutjats de Viol\u00e8ncia de G\u00e8nere, tres de Primera Inst\u00e0ncia i Instrucci\u00f3, un del Contenci\u00f3s-Administratiu i una pla\u00e7a de magistrat. Aix\u00ed, la planta judicial de les tres prov\u00edncies compta amb 536 \u00f2rgans judicials entre jutjats, tribunals, fiscalies, serveis comuns i Instituts de Medicina Legal m\u00e9s sis unitats administratives.<\/p>\n\n\n\n<p>En concret, en aquesta nova ampliaci\u00f3 s&#8217;han posat en servei, en mat\u00e8ria de Viol\u00e8ncia sobre la Dona, els jutjats n\u00famero 1 d&#8217;Alzira i Sueca; el n\u00famero 5 de Val\u00e8ncia; el 3 d&#8217;Alacant i el 2 d&#8217;Elx. De fet, la Comunitat Valenciana \u00e9s l&#8217;autonomia que m\u00e9s jutjats exclusius de viol\u00e8ncia de g\u00e8nere crea enguany. A aquests \u00f2rgans cal sumar el jutjat de Primera Inst\u00e0ncia i Instrucci\u00f3 n\u00famero 8 de Ll\u00edria; el 7 de Sagunt i el 6 de Nules. A m\u00e9s, a Elx s&#8217;ha creat un altre jutjat contenci\u00f3s administratiu \u2012el n\u00famero 2\u2012 i una nova pla\u00e7a de magistrat per a la Secci\u00f3 9 de l&#8217;Audi\u00e8ncia Provincial de Val\u00e8ncia.<\/p>\n\n\n\n<p>Per a la seua posada en marxa, la Conselleria de Just\u00edcia, Interior i Administraci\u00f3 P\u00fablica ha destinat 4 milions d&#8217;euros: 2,2 milions per a personal i 1,8 per a adequar i reformar les instal\u00b7lacions judicials.<\/p>\n\n\n\n<p>La consellera de Just\u00edcia, Interior i Administraci\u00f3 P\u00fablica, Gabriela Bravo, ha destacat &#8220;el creixement sense precedents&#8221; de la planta judicial de la Comunitat Valenciana &#8220;tal com el Consell es va comprometre a dur a terme fa set anys i mig&#8221;. En aquest sentit, ha recordat que, de 2010 a 2015 &#8220;el Consell governat pel PP nom\u00e9s va posar en marxa sis jutjats&#8221; mentre que en aquesta etapa &#8220;s&#8217;han creat 46 nous \u00f2rgans judicials comptant les places de magistrat i s&#8217;han creat 250 nous llocs de funcionaris&#8221; el que &#8220;mostra a les clares com aquest Consell ha posat a la Just\u00edcia en el centre de l&#8217;agenda pol\u00edtica i de gesti\u00f3&#8221;.<\/p>\n\n\n\n<p>Els nous jutjats de Viol\u00e8ncia sobre la Dona que aquest dilluns comencen a donar servei a la ciutadania estan dotats amb 47 professionals (5 magistrats, 5 lletrats de l&#8217;Administraci\u00f3 de Just\u00edcia, 2 fiscals i 35 funcionaris) amb el que la plantilla dels jutjats valencians especialitzats en la lluita contra la viol\u00e8ncia de g\u00e8nere ascendeix als 191 professionals (21 magistrats, 21 lletrats de l&#8217;Administraci\u00f3 de Just\u00edcia, 147 funcionaris i 2 fiscals).&nbsp;<\/p>\n\n\n\n<p>Les noves agrupacions de partits judicials perqu\u00e8 la viol\u00e8ncia de g\u00e8nere es conega en jutjats exclusius, que tamb\u00e9 entren en funcionament aquest dilluns, estaran refor\u00e7ades amb personal, concretament amb dos funcionaris per al jutjat de viol\u00e8ncia Sobre la Dona de Benidorm (que agrupa la Vila Joiosa), dues per al de Paterna (que agrupa Montcada) i altres dos per al de Torrent (que agrupa Picassent). Aix\u00ed mateix, els jutjats exclusius de viol\u00e8ncia de g\u00e8nere ja existents es reforcen amb tres funcionaris (dos per a Castell\u00f3 i un per a Elx) i les seccions de viol\u00e8ncia de les fiscalies tamb\u00e9 veuran augmentat el seu personal.<\/p>\n\n\n\n<p>Respecte a la resta de les noves unitats judicials, la consellera ha recordat que es va sol\u00b7licitar la seua creaci\u00f3 al Ministeri de Just\u00edcia el passat 25 de mar\u00e7 degut a la important c\u00e0rrega de treball que registren aqueixes demarcacions. D&#8217;aquesta manera, amb la seua posada en marxa &#8220;continuem alleujant la c\u00e0rrega de treball de l&#8217;Administraci\u00f3 de Just\u00edcia de la Comunitat Valenciana la taxa de ligitiositat de la qual \u00e9s del 118,5 per cent i acostar-la aix\u00ed a la mitjana nacional, que \u00e9s del 116,5&#8221;, ha concl\u00f2s la consellera.<\/p>\n\n\n\n<p><\/p>\n","protected":false},"excerpt":{"rendered":"<div class=\"mh-excerpt\">S\u00f3n cinc nous jutjats de Viol\u00e8ncia sobre la Dona, tres de 1a Inst\u00e0ncia i Instrucci\u00f3, un del Contenci\u00f3s-Administratiu i una pla\u00e7a de magistrat Gabriela Bravo destaca que, des de 2015 a 2022, la planta judicial <a class=\"mh-excerpt-more\" href=\"https:\/\/www.tucomarca.com\/wordpress\/segunda\/ca\/la-generalitat-posa-en-funcionament-deu-noves-unitats-judicials-a-valencia-alzira-sueca-alacant-elx-lliria-sagunt-i-nules\/\" title=\"La Generalitat posa en funcionament deu noves unitats judicials a Val\u00e8ncia, Alzira, Sueca, Alacant, Elx, Ll\u00edria, Sagunt i Nules\">[+] <\/a><\/div>\n","protected":false},"author":12,"featured_media":175127,"comment_status":"open","ping_status":"open","sticky":false,"template":"","format":"standard","meta":{"footnotes":""},"categories":[10889,10892,10898,10948,10894,10902,10928,10947,10896],"tags":[11192,15050,18610,11070,18611],"class_list":{"0":"post-175128","1":"post","2":"type-post","3":"status-publish","4":"format-standard","5":"has-post-thumbnail","7":"category-alzira-cat","8":"category-camp-de-turia-ca","9":"category-ventana-ca","10":"category-infraestructuras-ca","11":"category-la-comarca-ca","12":"category-la-ribera-ca","13":"category-lliria-ca","14":"category-politica","15":"category-seccion-ca","16":"tag-alzira-ca","17":"tag-conselleria-de-justicia-ca","18":"tag-juzgados-de-violencia-sobre-la-mujer-ca","19":"tag-lliria-ca","20":"tag-nuevas-unidades-judiciales-ca"},"_links":{"self":[{"href":"https:\/\/www.tucomarca.com\/wordpress\/segunda\/ca\/wp-json\/wp\/v2\/posts\/175128","targetHints":{"allow":["GET"]}}],"collection":[{"href":"https:\/\/www.tucomarca.com\/wordpress\/segunda\/ca\/wp-json\/wp\/v2\/posts"}],"about":[{"href":"https:\/\/www.tucomarca.com\/wordpress\/segunda\/ca\/wp-json\/wp\/v2\/types\/post"}],"author":[{"embeddable":true,"href":"https:\/\/www.tucomarca.com\/wordpress\/segunda\/ca\/wp-json\/wp\/v2\/users\/12"}],"replies":[{"embeddable":true,"href":"https:\/\/www.tucomarca.com\/wordpress\/segunda\/ca\/wp-json\/wp\/v2\/comments?post=175128"}],"version-history":[{"count":0,"href":"https:\/\/www.tucomarca.com\/wordpress\/segunda\/ca\/wp-json\/wp\/v2\/posts\/175128\/revisions"}],"wp:featuredmedia":[{"embeddable":true,"href":"https:\/\/www.tucomarca.com\/wordpress\/segunda\/ca\/wp-json\/wp\/v2\/media\/175127"}],"wp:attachment":[{"href":"https:\/\/www.tucomarca.com\/wordpress\/segunda\/ca\/wp-json\/wp\/v2\/media?parent=175128"}],"wp:term":[{"taxonomy":"category","embeddable":true,"href":"https:\/\/www.tucomarca.com\/wordpress\/segunda\/ca\/wp-json\/wp\/v2\/categories?post=175128"},{"taxonomy":"post_tag","embeddable":true,"href":"https:\/\/www.tucomarca.com\/wordpress\/segunda\/ca\/wp-json\/wp\/v2\/tags?post=175128"}],"curies":[{"name":"wp","href":"https:\/\/api.w.org\/{rel}","templated":true}]}}