{"id":175173,"date":"2023-01-03T09:00:00","date_gmt":"2023-01-03T07:00:00","guid":{"rendered":"https:\/\/www.tucomarca.com\/wordpress\/segunda\/?p=175173"},"modified":"2023-01-03T22:44:22","modified_gmt":"2023-01-03T20:44:22","slug":"alicia-el-primer-bebe-nascut-a-lhospital-de-manises-en-2023","status":"publish","type":"post","link":"https:\/\/www.tucomarca.com\/wordpress\/segunda\/ca\/alicia-el-primer-bebe-nascut-a-lhospital-de-manises-en-2023\/","title":{"rendered":"Alicia, el primer beb\u00e9 nascut a l&#8217;Hospital de Manises en 2023"},"content":{"rendered":"\n<h4 class=\"wp-block-heading\">El beb\u00e9 va n\u00e0ixer la nit del primer dia de l&#8217;any a les 21.06 i va pesar 3\u201927 quilos&nbsp;<\/h4>\n\n\n\n<h4 class=\"wp-block-heading\">L&#8217;Hospital de Manises \u00e9s un centre de refer\u00e8ncia en l&#8217;\u00e0rea matern-infantil<\/h4>\n\n\n\n<p>Alicia. Aix\u00ed es diu el primer beb\u00e9 nascut en 2023 a l&#8217;Hospital de Manises durant la nit del primer dia de l&#8217;any a les 21.06 hores, un dia despr\u00e9s que sonaren les tradicionals campanades i de rebre l&#8217;any nou. Alicia, que va pesar 3\u201927 quilograms, i els seus pap\u00e0s es troben en perfecte estat de salut. Els seus pares li van donar la benvinguda al m\u00f3n amb nervis, molta alegria i emoci\u00f3.&nbsp;<\/p>\n\n\n\n<p>Xiaozhem, de 42 anys, i \u00d3scar, de 40 anys, tots dos de Manises, han expressat la seua emoci\u00f3 davant el feli\u00e7 esdeveniment que ha coincidit amb una data tan especial. Al migdia els pares de la nounada han rebut la visita del cap del servei de Ginecologia i Obstetr\u00edcia de l&#8217;Hospital, el Dr. Fernando Gil Raga, qui els ha transm\u00e9s la seua alegria pel naixement de la xicoteta i els ha fet lliurament d&#8217;un obsequi amb motiu del naixement.&nbsp;<\/p>\n\n\n\n<p><strong>Compromesos amb la maternitat<\/strong><\/p>\n\n\n\n<p>Des de la seua obertura, l&#8217;Hospital de Manises ha comptat amb els millors especialistes per a assistir a les mares durant el part, convertint-se en un centre de refer\u00e8ncia en l&#8217;\u00e0rea de matern-infantil, tamb\u00e9 en les especialitats de ginecologia i obstetr\u00edcia, reconegudes amb el guard\u00f3 obtingut a nacional en l&#8217;\u00faltima edici\u00f3 dels premis Best in Class.<\/p>\n\n\n\n<p>L&#8217;Hospital&nbsp; de Manises, referent en l&#8217;assist\u00e8ncia humanitzada al part, compta amb un equip de matrones i ginec\u00f2legs conscienciats amb la import\u00e0ncia d&#8217;un&nbsp;part m\u00ednimament medicalitzat i respectu\u00f3s amb les decisions dels progenitors.<\/p>\n\n\n\n<p><\/p>\n","protected":false},"excerpt":{"rendered":"<div class=\"mh-excerpt\">El beb\u00e9 va n\u00e0ixer la nit del primer dia de l&#8217;any a les 21.06 i va pesar 3\u201927 quilos&nbsp; L&#8217;Hospital de Manises \u00e9s un centre de refer\u00e8ncia en l&#8217;\u00e0rea matern-infantil Alicia. Aix\u00ed es diu el <a class=\"mh-excerpt-more\" href=\"https:\/\/www.tucomarca.com\/wordpress\/segunda\/ca\/alicia-el-primer-bebe-nascut-a-lhospital-de-manises-en-2023\/\" title=\"Alicia, el primer beb\u00e9 nascut a l&#8217;Hospital de Manises en 2023\">[+] <\/a><\/div>\n","protected":false},"author":12,"featured_media":175172,"comment_status":"open","ping_status":"open","sticky":false,"template":"","format":"standard","meta":{"footnotes":""},"categories":[10973,10911,10892,11010,10977,10980,10894,10912,10902,10931,10978,10906,10896,11047,10974,10975],"tags":[11092],"class_list":{"0":"post-175173","1":"post","2":"type-post","3":"status-publish","4":"format-standard","5":"has-post-thumbnail","7":"category-alborache-ca","8":"category-bunol-ca","9":"category-camp-de-turia-ca","10":"category-canal-salud","11":"category-godelleta-ca","12":"category-yatova-ca","13":"category-la-comarca-ca","14":"category-la-hoya-ca","15":"category-la-ribera-ca","16":"category-loriguilla-ca","17":"category-macastre-ca","18":"category-riba-roja-ca","19":"category-seccion-ca","20":"category-turis-ca","21":"category-cheste-ca","22":"category-chiva-ca","23":"tag-hospital-de-manises-ca"},"_links":{"self":[{"href":"https:\/\/www.tucomarca.com\/wordpress\/segunda\/ca\/wp-json\/wp\/v2\/posts\/175173","targetHints":{"allow":["GET"]}}],"collection":[{"href":"https:\/\/www.tucomarca.com\/wordpress\/segunda\/ca\/wp-json\/wp\/v2\/posts"}],"about":[{"href":"https:\/\/www.tucomarca.com\/wordpress\/segunda\/ca\/wp-json\/wp\/v2\/types\/post"}],"author":[{"embeddable":true,"href":"https:\/\/www.tucomarca.com\/wordpress\/segunda\/ca\/wp-json\/wp\/v2\/users\/12"}],"replies":[{"embeddable":true,"href":"https:\/\/www.tucomarca.com\/wordpress\/segunda\/ca\/wp-json\/wp\/v2\/comments?post=175173"}],"version-history":[{"count":0,"href":"https:\/\/www.tucomarca.com\/wordpress\/segunda\/ca\/wp-json\/wp\/v2\/posts\/175173\/revisions"}],"wp:featuredmedia":[{"embeddable":true,"href":"https:\/\/www.tucomarca.com\/wordpress\/segunda\/ca\/wp-json\/wp\/v2\/media\/175172"}],"wp:attachment":[{"href":"https:\/\/www.tucomarca.com\/wordpress\/segunda\/ca\/wp-json\/wp\/v2\/media?parent=175173"}],"wp:term":[{"taxonomy":"category","embeddable":true,"href":"https:\/\/www.tucomarca.com\/wordpress\/segunda\/ca\/wp-json\/wp\/v2\/categories?post=175173"},{"taxonomy":"post_tag","embeddable":true,"href":"https:\/\/www.tucomarca.com\/wordpress\/segunda\/ca\/wp-json\/wp\/v2\/tags?post=175173"}],"curies":[{"name":"wp","href":"https:\/\/api.w.org\/{rel}","templated":true}]}}