{"id":175196,"date":"2023-01-04T13:00:00","date_gmt":"2023-01-04T11:00:00","guid":{"rendered":"https:\/\/www.tucomarca.com\/wordpress\/segunda\/?p=175196"},"modified":"2023-01-04T14:37:59","modified_gmt":"2023-01-04T12:37:59","slug":"excellent-balanc-dels-actes-nadalencs-organitzats-per-la-regidoria-de-cultura-popular-de-bunyol-aquestes-festes","status":"publish","type":"post","link":"https:\/\/www.tucomarca.com\/wordpress\/segunda\/ca\/excellent-balanc-dels-actes-nadalencs-organitzats-per-la-regidoria-de-cultura-popular-de-bunyol-aquestes-festes\/","title":{"rendered":"Excel\u00b7lent balan\u00e7 dels actes nadalencs organitzats per la regidoria de Cultura Popular de Bunyol aquestes festes"},"content":{"rendered":"\n<p>La regidoria de Cultura Popular de l&#8217;Ajuntament de Bunyol ha programat una \u00e0mplia agenda d&#8217;activitats nadalenques per a tots i totes aquestes festes en la localitat. Els actes van arrancar el passat 16 de desembre i finalitzen dem\u00e0 dijous 5 de gener amb la Cavalcada de Reis.&nbsp;<br>Aquestes festes s&#8217;ha instal\u00b7lat una Carpa en el Planell des del 16 de desembre. Tots els caps de setmana els ve\u00efns i visitants han comptat amb festes organitzades per les falles del municipi i el CD Bunyol. Aquest dijous \u00e9s l&#8217;\u00faltima, que ser\u00e0 a c\u00e0rrec de la Falla Reis Cat\u00f2lics.&nbsp;<br>Per als m\u00e9s xicotets de la casa compten amb una xicoteta fira en l&#8217;Avinguda de la M\u00fasica; han rebut la visita de Pap\u00e0 Noel durant dos dies, el 22 i el 23 de desembre i Tallers de M\u00e0ster Xef tant el 29 de desembre com ahir 3 de gener, a la Sala El Mercat, per a xiquets menors de 10 anys i amb un aforament per a uns 100 xiquets.&nbsp;<br>Finalment, la Cavalcada de Reis, que ser\u00e0 dem\u00e0 dijous 5 de gener, arrancar\u00e0 amb l&#8217;arribada dels Reis Mags a l&#8217;estaci\u00f3 a les 17h. Despr\u00e9s, a les 18h, donar\u00e0 principi la tradicional cavalcada des de l&#8217;Avinguda de la Violeta fins a l&#8217;Ajuntament. Tots els xiquets i xiquetes tindran una sorpresa de part dels Reis Mags. I a les 20.30h es repartiran els regals en els habitatges per part de les seues Majestats els Reis, nom\u00e9s els xiquets que han sigut agraciats.&nbsp;<br>Rafa P\u00e9rez, regidor de Cultura Popular de l&#8217;Ajuntament de Bunyol, s&#8217;ha mostrat molt satisfet per la resposta rebuda per la ciutadania a tots i cadascun dels actes organitzats amb la il\u00b7lusi\u00f3 i esperan\u00e7a de poder viure un Nadal com les d&#8217;abans, per\u00f2 amb major nombre d&#8217;esdeveniments als quals acudir. \u201cEsperem que la Cavalcada de Reis agrade a tothom i que es fa\u00e7a una gran cua de xiquets esperant parlar amb els Reis, que es facen la tradicional foto i que els reben a les seues cases amb il\u00b7lusi\u00f3 i nervis\u201d, finalitza l&#8217;edil.<\/p>\n\n\n\n<p><\/p>\n","protected":false},"excerpt":{"rendered":"<div class=\"mh-excerpt\">La regidoria de Cultura Popular de l&#8217;Ajuntament de Bunyol ha programat una \u00e0mplia agenda d&#8217;activitats nadalenques per a tots i totes aquestes festes en la localitat. Els actes van arrancar el passat 16 de desembre <a class=\"mh-excerpt-more\" href=\"https:\/\/www.tucomarca.com\/wordpress\/segunda\/ca\/excellent-balanc-dels-actes-nadalencs-organitzats-per-la-regidoria-de-cultura-popular-de-bunyol-aquestes-festes\/\" title=\"Excel\u00b7lent balan\u00e7 dels actes nadalencs organitzats per la regidoria de Cultura Popular de Bunyol aquestes festes\">[+] <\/a><\/div>\n","protected":false},"author":12,"featured_media":175195,"comment_status":"open","ping_status":"open","sticky":false,"template":"","format":"standard","meta":{"footnotes":""},"categories":[10911,10948,10894,10912,11007,10896],"tags":[10913,16117,10914,11906],"class_list":{"0":"post-175196","1":"post","2":"type-post","3":"status-publish","4":"format-standard","5":"has-post-thumbnail","7":"category-bunol-ca","8":"category-infraestructuras-ca","9":"category-la-comarca-ca","10":"category-la-hoya-ca","11":"category-ocio-y-cultura-ca","12":"category-seccion-ca","13":"tag-bunol-ca","14":"tag-cabalgata-de-reyes-ca","15":"tag-la-hoya-de-bunol-chiva-ca","16":"tag-navidad-ca"},"_links":{"self":[{"href":"https:\/\/www.tucomarca.com\/wordpress\/segunda\/ca\/wp-json\/wp\/v2\/posts\/175196","targetHints":{"allow":["GET"]}}],"collection":[{"href":"https:\/\/www.tucomarca.com\/wordpress\/segunda\/ca\/wp-json\/wp\/v2\/posts"}],"about":[{"href":"https:\/\/www.tucomarca.com\/wordpress\/segunda\/ca\/wp-json\/wp\/v2\/types\/post"}],"author":[{"embeddable":true,"href":"https:\/\/www.tucomarca.com\/wordpress\/segunda\/ca\/wp-json\/wp\/v2\/users\/12"}],"replies":[{"embeddable":true,"href":"https:\/\/www.tucomarca.com\/wordpress\/segunda\/ca\/wp-json\/wp\/v2\/comments?post=175196"}],"version-history":[{"count":0,"href":"https:\/\/www.tucomarca.com\/wordpress\/segunda\/ca\/wp-json\/wp\/v2\/posts\/175196\/revisions"}],"wp:featuredmedia":[{"embeddable":true,"href":"https:\/\/www.tucomarca.com\/wordpress\/segunda\/ca\/wp-json\/wp\/v2\/media\/175195"}],"wp:attachment":[{"href":"https:\/\/www.tucomarca.com\/wordpress\/segunda\/ca\/wp-json\/wp\/v2\/media?parent=175196"}],"wp:term":[{"taxonomy":"category","embeddable":true,"href":"https:\/\/www.tucomarca.com\/wordpress\/segunda\/ca\/wp-json\/wp\/v2\/categories?post=175196"},{"taxonomy":"post_tag","embeddable":true,"href":"https:\/\/www.tucomarca.com\/wordpress\/segunda\/ca\/wp-json\/wp\/v2\/tags?post=175196"}],"curies":[{"name":"wp","href":"https:\/\/api.w.org\/{rel}","templated":true}]}}