{"id":175211,"date":"2023-01-04T14:00:00","date_gmt":"2023-01-04T12:00:00","guid":{"rendered":"https:\/\/www.tucomarca.com\/wordpress\/segunda\/el-prya-presenta-alegaciones-contra-el-plan-eolico-valenciano-por-destrozar-el-medio-natural-del-interior-valenciano\/"},"modified":"2023-01-05T12:00:25","modified_gmt":"2023-01-05T10:00:25","slug":"el-prya-presenta-alegaciones-contra-el-plan-eolico-valenciano-por-destrozar-el-medio-natural-del-interior-valenciano","status":"publish","type":"post","link":"https:\/\/www.tucomarca.com\/wordpress\/segunda\/ca\/el-prya-presenta-alegaciones-contra-el-plan-eolico-valenciano-por-destrozar-el-medio-natural-del-interior-valenciano\/","title":{"rendered":"El PRyA presenta al\u00b7legacions contra el Pla E\u00f2lic Valenci\u00e0 &#8220;per destrossar el medi natural de l&#8217;interior valenci\u00e0&#8221;"},"content":{"rendered":"\n<h4 class=\"wp-block-heading\">El Partit de Requena i Llogarets (PRyA) est\u00e0 a favor de les energies renovables, per\u00f2 no a costa de destrossar el medi ambient<\/h4>\n\n\n<div class=\"wp-block-image\">\n<figure class=\"aligncenter size-full is-resized\"><img loading=\"lazy\" decoding=\"async\" src=\"http:\/\/www.tucomarca.com\/wordpress\/segunda\/wp-content\/uploads\/2023\/01\/pryaEolicos1.jpg\" alt=\"\" class=\"wp-image-175205\" width=\"424\" height=\"567\" srcset=\"https:\/\/www.tucomarca.com\/wordpress\/segunda\/wp-content\/uploads\/2023\/01\/pryaEolicos1.jpg 718w, https:\/\/www.tucomarca.com\/wordpress\/segunda\/wp-content\/uploads\/2023\/01\/pryaEolicos1-224x300.jpg 224w\" sizes=\"auto, (max-width: 424px) 100vw, 424px\" \/><\/figure>\n<\/div>\n\n\n<p>Des del PRyA exposen que \u201cla instal\u00b7laci\u00f3 d&#8217;aquests aerogeneradors de 180 metres&nbsp; d&#8217;altura, es convertiran en aut\u00e8ntics gratacels que destrossaran tota la massa forestal de les muntanyes de l&#8217;interior valenci\u00e0, com per exemple la serra del Teix, afectant tamb\u00e9 la fauna i al pas d&#8217;ocells migradors\u201d.&nbsp;<\/p>\n\n\n\n<p>\u201cAquests aerogeneradors provocaran la desforestaci\u00f3 de totes aquestes muntanyes de l&#8217;interior valenci\u00e0, no sols on van implantats els molins, tamb\u00e9 per la construcci\u00f3 dels accessos per a transportar els materials, que seran aut\u00e8ntiques autopistes, perqu\u00e8 nom\u00e9s les aspes dels aerogeneradors mesuren 80 metres aproximadament\u201d.&nbsp;<\/p>\n\n\n\n<p>\u201cDes del PRyA tamb\u00e9 estem en contra de la instal\u00b7laci\u00f3 de centenars de torres d&#8217;alta tensi\u00f3 per a traure tota aqueixa energia fins a les subestacions el\u00e8ctriques, les quals tamb\u00e9 afectaran el medi natural de manera negativa.&nbsp;<\/p>\n\n\n\n<p>En el cas de Requena, la construcci\u00f3 d&#8217;aquests aerogeneradors de 180 metres d&#8217;altura, a penes portar\u00e0 25 llocs de treball aproximadament de manera estable, els quals solen vindre ja amb les empreses adjudicat\u00e0ries del manteniment dels molins, per la qual cosa Requena no es beneficiar\u00e0 quant a la generaci\u00f3 d&#8217;ocupaci\u00f3.&nbsp;<\/p>\n\n\n\n<p>En el PRyA estem a favor de les energies renovables, per\u00f2 no a qualsevol preu. Abans que destrossar el medi natural, com per exemple&nbsp; la serra del Teix, hem de fomentar la instal\u00b7laci\u00f3 de panells fotovoltaics en les cobertes de naus industrials i habitatges privats, fomentant aix\u00ed l&#8217;autoconsum i reduint la factura el\u00e8ctrica dels ciutadans. Tamb\u00e9 hi ha multitud de terrenys inservibles i incultivables on es poden implantar instal\u00b7lacions d&#8217;energies renovables sense causar cap perjudici al medi ambient.&nbsp;<\/p>\n\n\n\n<p>\u00c9s per tot aix\u00f2 que des del PRyA hem presentat al\u00b7legacions contra el Pla E\u00f2lic Valenci\u00e0 que provocar\u00e0 la destrucci\u00f3 mediambiental de les muntanyes de l&#8217;interior de la prov\u00edncia, com per exemple la Serra del Teix\u201d.<\/p>\n\n\n\n<h4 class=\"wp-block-heading\"><\/h4>\n","protected":false},"excerpt":{"rendered":"<div class=\"mh-excerpt\">El Partit de Requena i Llogarets (PRyA) est\u00e0 a favor de les energies renovables, per\u00f2 no a costa de destrossar el medi ambient Des del PRyA exposen que \u201cla instal\u00b7laci\u00f3 d&#8217;aquests aerogeneradors de 180 metres&nbsp; <a class=\"mh-excerpt-more\" href=\"https:\/\/www.tucomarca.com\/wordpress\/segunda\/ca\/el-prya-presenta-alegaciones-contra-el-plan-eolico-valenciano-por-destrozar-el-medio-natural-del-interior-valenciano\/\" title=\"El PRyA presenta al\u00b7legacions contra el Pla E\u00f2lic Valenci\u00e0 &#8220;per destrossar el medi natural de l&#8217;interior valenci\u00e0&#8221;\">[+] <\/a><\/div>\n","protected":false},"author":12,"featured_media":175208,"comment_status":"open","ping_status":"open","sticky":false,"template":"","format":"standard","meta":{"footnotes":""},"categories":[10894,10903,10947,10908,10909,10896],"tags":[18621,12796,11099,10910],"class_list":{"0":"post-175211","1":"post","2":"type-post","3":"status-publish","4":"format-standard","5":"has-post-thumbnail","7":"category-la-comarca-ca","8":"category-medio-ambiente-la-comarca-ca","9":"category-politica","10":"category-requena-ca","11":"category-requena-utiel-ca","12":"category-seccion-ca","13":"tag-plan-eolico-valenciano-ca","14":"tag-prya-ca","15":"tag-requena-ca","16":"tag-requena-utiel-ca"},"_links":{"self":[{"href":"https:\/\/www.tucomarca.com\/wordpress\/segunda\/ca\/wp-json\/wp\/v2\/posts\/175211","targetHints":{"allow":["GET"]}}],"collection":[{"href":"https:\/\/www.tucomarca.com\/wordpress\/segunda\/ca\/wp-json\/wp\/v2\/posts"}],"about":[{"href":"https:\/\/www.tucomarca.com\/wordpress\/segunda\/ca\/wp-json\/wp\/v2\/types\/post"}],"author":[{"embeddable":true,"href":"https:\/\/www.tucomarca.com\/wordpress\/segunda\/ca\/wp-json\/wp\/v2\/users\/12"}],"replies":[{"embeddable":true,"href":"https:\/\/www.tucomarca.com\/wordpress\/segunda\/ca\/wp-json\/wp\/v2\/comments?post=175211"}],"version-history":[{"count":0,"href":"https:\/\/www.tucomarca.com\/wordpress\/segunda\/ca\/wp-json\/wp\/v2\/posts\/175211\/revisions"}],"wp:featuredmedia":[{"embeddable":true,"href":"https:\/\/www.tucomarca.com\/wordpress\/segunda\/ca\/wp-json\/wp\/v2\/media\/175208"}],"wp:attachment":[{"href":"https:\/\/www.tucomarca.com\/wordpress\/segunda\/ca\/wp-json\/wp\/v2\/media?parent=175211"}],"wp:term":[{"taxonomy":"category","embeddable":true,"href":"https:\/\/www.tucomarca.com\/wordpress\/segunda\/ca\/wp-json\/wp\/v2\/categories?post=175211"},{"taxonomy":"post_tag","embeddable":true,"href":"https:\/\/www.tucomarca.com\/wordpress\/segunda\/ca\/wp-json\/wp\/v2\/tags?post=175211"}],"curies":[{"name":"wp","href":"https:\/\/api.w.org\/{rel}","templated":true}]}}