{"id":175467,"date":"2023-01-09T12:00:00","date_gmt":"2023-01-09T10:00:00","guid":{"rendered":"https:\/\/www.tucomarca.com\/wordpress\/segunda\/?p=175467"},"modified":"2023-01-09T22:24:22","modified_gmt":"2023-01-09T20:24:22","slug":"benaguasil-posa-en-marxa-dos-nous-tallers-docupacio","status":"publish","type":"post","link":"https:\/\/www.tucomarca.com\/wordpress\/segunda\/ca\/benaguasil-posa-en-marxa-dos-nous-tallers-docupacio\/","title":{"rendered":"Benaguasil posa en marxa dos nous tallers d&#8217;ocupaci\u00f3"},"content":{"rendered":"\n<h4 class=\"wp-block-heading\">Tots dos tallers suposaran treball i formaci\u00f3 per a 40 persones de Benaguasil<\/h4>\n\n\n\n<h4 class=\"wp-block-heading\">Durant un any els seus integrants tindran l&#8217;oportunitat de formar-se en les especialitats de jardineria i obra de paleta<\/h4>\n\n\n\n<figure class=\"wp-block-image size-large\"><img loading=\"lazy\" decoding=\"async\" width=\"1024\" height=\"668\" src=\"http:\/\/www.tucomarca.com\/wordpress\/segunda\/wp-content\/uploads\/2023\/01\/BenaguasilTaller1-1024x668.jpg\" alt=\"\" class=\"wp-image-175463\" srcset=\"https:\/\/www.tucomarca.com\/wordpress\/segunda\/wp-content\/uploads\/2023\/01\/BenaguasilTaller1-1024x668.jpg 1024w, https:\/\/www.tucomarca.com\/wordpress\/segunda\/wp-content\/uploads\/2023\/01\/BenaguasilTaller1-300x196.jpg 300w, https:\/\/www.tucomarca.com\/wordpress\/segunda\/wp-content\/uploads\/2023\/01\/BenaguasilTaller1-768x501.jpg 768w, https:\/\/www.tucomarca.com\/wordpress\/segunda\/wp-content\/uploads\/2023\/01\/BenaguasilTaller1.jpg 1321w\" sizes=\"auto, (max-width: 1024px) 100vw, 1024px\" \/><\/figure>\n\n\n\n<p>L&#8217;alcalde de Benaguasil, Ximo Segarra i la regidor de Promoci\u00f3 Econ\u00f2mica, Patricia Merenciano han donat la benvinguda als 40 alumnes i alumnes que formen part de dos tallers d&#8217;ocupaci\u00f3: \u2018Benaguasil Sostenible III\u2019 i \u2018Benaguasil Dona\u2019 que durant un any treballaran en especialitats d&#8217;obra de paleta i jardineria.<br>Concretament el taller d&#8217;ocupaci\u00f3 \u2018Benaguasil Sostenible III\u2019 est\u00e0 integrat per 10 alumnes treballadors de l&#8217;especialitat de jardineria i 10 alumnes treballadors de l&#8217;especialitat d&#8217;obra. A m\u00e9s dels 20 alumnes-treballadors el taller donar\u00e0 treball tamb\u00e9 a altres cinc persones, que conformaran l&#8217;equip directiu i docent.<br>Per la seua part en el Taller d&#8217;Ocupaci\u00f3 per a Dones \u00abBenaguasil Dona\u00bb participen un total de 20 dones majors de 18 anys, en les especialitats formatives de Jardineria i Obra de paleta. Amb la seua posada en marxa es busca afavorir la reducci\u00f3 de la bretxa laboral que encara \u00e9s molt latent en determinades professionals laborals, a m\u00e9s de fomentar la formaci\u00f3 i la inserci\u00f3 laboral.<\/p>\n\n\n\n<p>Juanto a Patricia Merenciano, l&#8217;alcalde Ximo Segarra ha donat la benvinguda a l&#8217;alumnat, professorat i equip directiu en el sal\u00f3 de plens del Consistori, animant-los a aprofitar els mesos de formaci\u00f3, destacant la import\u00e0ncia d&#8217;aquesta mena d&#8217;accions amb les quals continuar millorant l&#8217;ocupabilitat dels ve\u00efns i ve\u00efnes de Benaguasil.<br>Tots dos programes, de 12 mesos de duraci\u00f3, compten amb una inversi\u00f3 total de m\u00e9s d&#8217;1 mili\u00f3 d&#8217;euros, subvencionats per la Generalitat Valenciana i cofinan\u00e7ats per l&#8217;ajuntament.<\/p>\n","protected":false},"excerpt":{"rendered":"<div class=\"mh-excerpt\">Tots dos tallers suposaran treball i formaci\u00f3 per a 40 persones de Benaguasil Durant un any els seus integrants tindran l&#8217;oportunitat de formar-se en les especialitats de jardineria i obra de paleta L&#8217;alcalde de Benaguasil, <a class=\"mh-excerpt-more\" href=\"https:\/\/www.tucomarca.com\/wordpress\/segunda\/ca\/benaguasil-posa-en-marxa-dos-nous-tallers-docupacio\/\" title=\"Benaguasil posa en marxa dos nous tallers d&#8217;ocupaci\u00f3\">[+] <\/a><\/div>\n","protected":false},"author":12,"featured_media":175466,"comment_status":"open","ping_status":"open","sticky":false,"template":"","format":"standard","meta":{"footnotes":""},"categories":[10952,10892,10948,10894,10947,10896],"tags":[11136,10899,18633],"class_list":{"0":"post-175467","1":"post","2":"type-post","3":"status-publish","4":"format-standard","5":"has-post-thumbnail","7":"category-benaguasil-ca","8":"category-camp-de-turia-ca","9":"category-infraestructuras-ca","10":"category-la-comarca-ca","11":"category-politica","12":"category-seccion-ca","13":"tag-benaguasil-ca","14":"tag-camp-de-turia-ca","15":"tag-talleres-de-empleo-ca"},"_links":{"self":[{"href":"https:\/\/www.tucomarca.com\/wordpress\/segunda\/ca\/wp-json\/wp\/v2\/posts\/175467","targetHints":{"allow":["GET"]}}],"collection":[{"href":"https:\/\/www.tucomarca.com\/wordpress\/segunda\/ca\/wp-json\/wp\/v2\/posts"}],"about":[{"href":"https:\/\/www.tucomarca.com\/wordpress\/segunda\/ca\/wp-json\/wp\/v2\/types\/post"}],"author":[{"embeddable":true,"href":"https:\/\/www.tucomarca.com\/wordpress\/segunda\/ca\/wp-json\/wp\/v2\/users\/12"}],"replies":[{"embeddable":true,"href":"https:\/\/www.tucomarca.com\/wordpress\/segunda\/ca\/wp-json\/wp\/v2\/comments?post=175467"}],"version-history":[{"count":0,"href":"https:\/\/www.tucomarca.com\/wordpress\/segunda\/ca\/wp-json\/wp\/v2\/posts\/175467\/revisions"}],"wp:featuredmedia":[{"embeddable":true,"href":"https:\/\/www.tucomarca.com\/wordpress\/segunda\/ca\/wp-json\/wp\/v2\/media\/175466"}],"wp:attachment":[{"href":"https:\/\/www.tucomarca.com\/wordpress\/segunda\/ca\/wp-json\/wp\/v2\/media?parent=175467"}],"wp:term":[{"taxonomy":"category","embeddable":true,"href":"https:\/\/www.tucomarca.com\/wordpress\/segunda\/ca\/wp-json\/wp\/v2\/categories?post=175467"},{"taxonomy":"post_tag","embeddable":true,"href":"https:\/\/www.tucomarca.com\/wordpress\/segunda\/ca\/wp-json\/wp\/v2\/tags?post=175467"}],"curies":[{"name":"wp","href":"https:\/\/api.w.org\/{rel}","templated":true}]}}