{"id":175647,"date":"2023-01-11T10:00:00","date_gmt":"2023-01-11T08:00:00","guid":{"rendered":"https:\/\/www.tucomarca.com\/wordpress\/segunda\/?p=175647"},"modified":"2023-01-11T14:20:13","modified_gmt":"2023-01-11T12:20:13","slug":"mans-unides-comenca-en-els-comercos-de-bunyol-la-campanya-dona-els-teus-centims","status":"publish","type":"post","link":"https:\/\/www.tucomarca.com\/wordpress\/segunda\/ca\/mans-unides-comenca-en-els-comercos-de-bunyol-la-campanya-dona-els-teus-centims\/","title":{"rendered":"Mans Unides comen\u00e7a en els comer\u00e7os de Bunyol la campanya &#8220;Dona els teus c\u00e8ntims&#8221;"},"content":{"rendered":"\n<p>Aquesta campanya, sota el lema de &#8220;Lleva&#8217;t un pes de damunt per una bona causa&#8221;, consisteix a recollir monedes de 1, 2 i cinc c\u00e8ntims.<\/p>\n\n\n\n<p>La volunt\u00e0ries de Mans Unides de Bunyol, han repartit diverses guardioles destinades a recollir el m\u00e0xim possible d&#8217;aquestes monedes, que fins i tot a vegades ens arriben a molestar, i que quasi manquen de valor econ\u00f2mic, per\u00f2 que no obstant aix\u00f2 poden fer que altres persones tinguen una millora en la seua forma vida, convertint aquests c\u00e8ntims en alimentaci\u00f3, salut, educaci\u00f3, aigua, igualtat i medi ambient.<\/p>\n\n\n\n<p>Les guardioles, on podran depositar els c\u00e8ntims, estan disponibles alguns dels comer\u00e7os de la localitat como Duendes Moda, la Falla Nuevo Bu\u00f1ol, Frutas y Verduras La Dorada y Helader\u00eda y Horno Win&#8217;s, entre otros.<br><\/p>\n","protected":false},"excerpt":{"rendered":"<div class=\"mh-excerpt\">Aquesta campanya, sota el lema de &#8220;Lleva&#8217;t un pes de damunt per una bona causa&#8221;, consisteix a recollir monedes de 1, 2 i cinc c\u00e8ntims. La volunt\u00e0ries de Mans Unides de Bunyol, han repartit diverses <a class=\"mh-excerpt-more\" href=\"https:\/\/www.tucomarca.com\/wordpress\/segunda\/ca\/mans-unides-comenca-en-els-comercos-de-bunyol-la-campanya-dona-els-teus-centims\/\" title=\"Mans Unides comen\u00e7a en els comer\u00e7os de Bunyol la campanya &#8220;Dona els teus c\u00e8ntims&#8221;\">[+] <\/a><\/div>\n","protected":false},"author":12,"featured_media":175646,"comment_status":"open","ping_status":"open","sticky":false,"template":"","format":"standard","meta":{"footnotes":""},"categories":[11019,10911,10894,10912,10896],"tags":[10913,10914,13713],"class_list":{"0":"post-175647","1":"post","2":"type-post","3":"status-publish","4":"format-standard","5":"has-post-thumbnail","7":"category-agenda-ca","8":"category-bunol-ca","9":"category-la-comarca-ca","10":"category-la-hoya-ca","11":"category-seccion-ca","12":"tag-bunol-ca","13":"tag-la-hoya-de-bunol-chiva-ca","14":"tag-manos-unidas-ca"},"_links":{"self":[{"href":"https:\/\/www.tucomarca.com\/wordpress\/segunda\/ca\/wp-json\/wp\/v2\/posts\/175647","targetHints":{"allow":["GET"]}}],"collection":[{"href":"https:\/\/www.tucomarca.com\/wordpress\/segunda\/ca\/wp-json\/wp\/v2\/posts"}],"about":[{"href":"https:\/\/www.tucomarca.com\/wordpress\/segunda\/ca\/wp-json\/wp\/v2\/types\/post"}],"author":[{"embeddable":true,"href":"https:\/\/www.tucomarca.com\/wordpress\/segunda\/ca\/wp-json\/wp\/v2\/users\/12"}],"replies":[{"embeddable":true,"href":"https:\/\/www.tucomarca.com\/wordpress\/segunda\/ca\/wp-json\/wp\/v2\/comments?post=175647"}],"version-history":[{"count":0,"href":"https:\/\/www.tucomarca.com\/wordpress\/segunda\/ca\/wp-json\/wp\/v2\/posts\/175647\/revisions"}],"wp:featuredmedia":[{"embeddable":true,"href":"https:\/\/www.tucomarca.com\/wordpress\/segunda\/ca\/wp-json\/wp\/v2\/media\/175646"}],"wp:attachment":[{"href":"https:\/\/www.tucomarca.com\/wordpress\/segunda\/ca\/wp-json\/wp\/v2\/media?parent=175647"}],"wp:term":[{"taxonomy":"category","embeddable":true,"href":"https:\/\/www.tucomarca.com\/wordpress\/segunda\/ca\/wp-json\/wp\/v2\/categories?post=175647"},{"taxonomy":"post_tag","embeddable":true,"href":"https:\/\/www.tucomarca.com\/wordpress\/segunda\/ca\/wp-json\/wp\/v2\/tags?post=175647"}],"curies":[{"name":"wp","href":"https:\/\/api.w.org\/{rel}","templated":true}]}}