{"id":175881,"date":"2023-01-13T08:50:00","date_gmt":"2023-01-13T06:50:00","guid":{"rendered":"https:\/\/www.tucomarca.com\/wordpress\/segunda\/?p=175881"},"modified":"2023-01-13T16:48:37","modified_gmt":"2023-01-13T14:48:37","slug":"328-estudiants-participen-en-un-taller-de-comic-impartit-per-la-illustradora-lliris-bou-dins-del-certamen-literari-ateneu-de-xest-2023","status":"publish","type":"post","link":"https:\/\/www.tucomarca.com\/wordpress\/segunda\/ca\/328-estudiants-participen-en-un-taller-de-comic-impartit-per-la-illustradora-lliris-bou-dins-del-certamen-literari-ateneu-de-xest-2023\/","title":{"rendered":"328 estudiants participen en un taller de c\u00f2mic impartit per la il\u00b7lustradora Lliris Bou dins del Certamen Literari Ateneu de Xest 2023"},"content":{"rendered":"\n<p>La il\u00b7lustradora Lliris Bou ha impartit un taller de c\u00f2mic per a alumnat dels centres educatius de Xest, organitzat per la regidoria d&#8217;Educaci\u00f3 en el marc de la celebraci\u00f3 del XXII Certamen Literari Ateneu.<\/p>\n\n\n\n<p>El taller s&#8217;ha desenvolupat al llarg de tota aquesta setmana, des del dilluns 9 de gener fins hui, 16 de gener, dividit en 14 sessions destinades a escolars de 3\u00b0, 4\u00b0 i 5\u00b0 de Prim\u00e0ria dels CEIP Francisco Giner dels Rius, Vicente Blasco Ib\u00e1\u00f1ez i Ana Lluch i del col\u00b7legi San Jos\u00e9 de la Muntanya; i per a alumnat de 1\u00b0 de E.S.O de l&#8217;IES Ricardo Mar\u00edn, amb una participaci\u00f3 total de 328 estudiants, dividits per curs i centre.<\/p>\n\n\n\n<p>La realitzaci\u00f3 d&#8217;aquesta mena de formaci\u00f3 vinculada amb les categories liter\u00e0ries que premia el Certamen Literari Ateneu, c\u00f2mic, poesia i relat, persegueix l&#8217;objectiu que l&#8217;alumnat adquirisca noves habilitats en la creaci\u00f3 obres d&#8217;aquests tres g\u00e8neres, de cara a la seua participaci\u00f3 en el Certamen Literari Ateneu.<\/p>\n\n\n\n<p>\u201cDes de la regidoria d&#8217;Educaci\u00f3 valorem positivament la realitzaci\u00f3 d&#8217;aquest taller, ja que enguany ha participat molt m\u00e9s alumnat que en cursos anteriors. L&#8217;acceptaci\u00f3 per part dels i les estudiants ha sigut molt bona, sens dubte el contingut de les sessions ha captat la seua atenci\u00f3 i inter\u00e9s. D&#8217;altra banda, la valoraci\u00f3 del professorat cap a la metodologia, contingut i atenci\u00f3 a l&#8217;alumnat durant el desenvolupament del taller tamb\u00e9 ha sigut positiva. Amb aquests bones sensacions i resultats, estic segura que, en aquesta convocat\u00f2ria del Certamen Literari, en la categoria de c\u00f2mic augmentar\u00e0 tant la quantitat com la qualitat dels treballs presentats\u201d, ha declarat la regidora M\u00aa \u00c1ngeles Llorente.<\/p>\n\n\n\n<p><strong>Lliris Bou<\/strong><\/p>\n\n\n\n<p>Lliris Bou (Alcoi, 1988) \u00e9s una il\u00b7lustradora i autora especialitzada en p\u00fablic infantil i \u00e0lbum il\u00b7lustrat. En actiu des de 2014, ha il\u00b7lustrat revistes infantils i d&#8217;adults, campanyes publicit\u00e0ries i institucionals, material did\u00e0ctic i literatura infantil. A nivell nacional ha treballat amb editorials com Penguin Random House, Grupo Planeta o Santillana i entre els seus clients internacionals destaquen Quarto Kids, Little Tiger Group o Usborne Publishing. En 2018 va publicar amb Andana Editorial el seu primer \u00e0lbum il\u00b7lustrat com a autora integral i va rebre el Premi Llibreries Valencianes a millor obra de literatura infantil.<\/p>\n\n\n\n<p>Des de 2017 combina el seu treball com a il\u00b7lustradora amb la realitzaci\u00f3 de tallers did\u00e0ctics en biblioteques i centres escolars per a acostar el m\u00f3n de la il\u00b7lustraci\u00f3 a xiquets i xiquetes.<\/p>\n\n\n\n<p><\/p>\n","protected":false},"excerpt":{"rendered":"<div class=\"mh-excerpt\">La il\u00b7lustradora Lliris Bou ha impartit un taller de c\u00f2mic per a alumnat dels centres educatius de Xest, organitzat per la regidoria d&#8217;Educaci\u00f3 en el marc de la celebraci\u00f3 del XXII Certamen Literari Ateneu. El <a class=\"mh-excerpt-more\" href=\"https:\/\/www.tucomarca.com\/wordpress\/segunda\/ca\/328-estudiants-participen-en-un-taller-de-comic-impartit-per-la-illustradora-lliris-bou-dins-del-certamen-literari-ateneu-de-xest-2023\/\" title=\"328 estudiants participen en un taller de c\u00f2mic impartit per la il\u00b7lustradora Lliris Bou dins del Certamen Literari Ateneu de Xest 2023\">[+] <\/a><\/div>\n","protected":false},"author":12,"featured_media":175880,"comment_status":"open","ping_status":"open","sticky":false,"template":"","format":"standard","meta":{"footnotes":""},"categories":[10948,10894,10912,11007,10896,10974],"tags":[11071,10914,18662,18663],"class_list":{"0":"post-175881","1":"post","2":"type-post","3":"status-publish","4":"format-standard","5":"has-post-thumbnail","7":"category-infraestructuras-ca","8":"category-la-comarca-ca","9":"category-la-hoya-ca","10":"category-ocio-y-cultura-ca","11":"category-seccion-ca","12":"category-cheste-ca","13":"tag-cheste","14":"tag-la-hoya-de-bunol-chiva-ca","15":"tag-taller-de-comic-ca","16":"tag-xxii-certamen-literario-ateneo-ca"},"_links":{"self":[{"href":"https:\/\/www.tucomarca.com\/wordpress\/segunda\/ca\/wp-json\/wp\/v2\/posts\/175881","targetHints":{"allow":["GET"]}}],"collection":[{"href":"https:\/\/www.tucomarca.com\/wordpress\/segunda\/ca\/wp-json\/wp\/v2\/posts"}],"about":[{"href":"https:\/\/www.tucomarca.com\/wordpress\/segunda\/ca\/wp-json\/wp\/v2\/types\/post"}],"author":[{"embeddable":true,"href":"https:\/\/www.tucomarca.com\/wordpress\/segunda\/ca\/wp-json\/wp\/v2\/users\/12"}],"replies":[{"embeddable":true,"href":"https:\/\/www.tucomarca.com\/wordpress\/segunda\/ca\/wp-json\/wp\/v2\/comments?post=175881"}],"version-history":[{"count":0,"href":"https:\/\/www.tucomarca.com\/wordpress\/segunda\/ca\/wp-json\/wp\/v2\/posts\/175881\/revisions"}],"wp:featuredmedia":[{"embeddable":true,"href":"https:\/\/www.tucomarca.com\/wordpress\/segunda\/ca\/wp-json\/wp\/v2\/media\/175880"}],"wp:attachment":[{"href":"https:\/\/www.tucomarca.com\/wordpress\/segunda\/ca\/wp-json\/wp\/v2\/media?parent=175881"}],"wp:term":[{"taxonomy":"category","embeddable":true,"href":"https:\/\/www.tucomarca.com\/wordpress\/segunda\/ca\/wp-json\/wp\/v2\/categories?post=175881"},{"taxonomy":"post_tag","embeddable":true,"href":"https:\/\/www.tucomarca.com\/wordpress\/segunda\/ca\/wp-json\/wp\/v2\/tags?post=175881"}],"curies":[{"name":"wp","href":"https:\/\/api.w.org\/{rel}","templated":true}]}}