{"id":175899,"date":"2023-01-13T08:55:00","date_gmt":"2023-01-13T06:55:00","guid":{"rendered":"https:\/\/www.tucomarca.com\/wordpress\/segunda\/?p=175899"},"modified":"2023-01-13T16:46:31","modified_gmt":"2023-01-13T14:46:31","slug":"lajuntament-de-bunyol-es-reuneix-amb-els-equips-redactors-dels-projectes-de-reforma-de-normes-subsidiaries-i-de-cataleg-de-bens-i-espais-protegits","status":"publish","type":"post","link":"https:\/\/www.tucomarca.com\/wordpress\/segunda\/ca\/lajuntament-de-bunyol-es-reuneix-amb-els-equips-redactors-dels-projectes-de-reforma-de-normes-subsidiaries-i-de-cataleg-de-bens-i-espais-protegits\/","title":{"rendered":"L&#8217;Ajuntament de Bunyol es reuneix amb els equips redactors dels projectes de reforma de Normes Subsidi\u00e0ries i de Cat\u00e0leg de B\u00e9ns i Espais Protegits&nbsp;"},"content":{"rendered":"\n<h4 class=\"wp-block-heading\">Una nova reuni\u00f3 que va tindre lloc ahir a l&#8217;Ajuntament de Bunyol amb els dos equips redactors dels projectes de Normes Subsidi\u00e0ries i de Cat\u00e0leg de B\u00e9ns i Espais Protegits. Va ser present el primer Tinent d&#8217;Alcalde de l&#8217;Ajuntament de Bunyol, Rafa P\u00e9rez.&nbsp;<\/h4>\n\n\n\n<p>En aquesta reuni\u00f3 el primer Tinent d&#8217;Alcalde i regidor d&#8217;Urbanisme, Rafa P\u00e9rez, va estar acompanyat de la Secret\u00e0ria de l&#8217;Ajuntament, Remedios Abasolo, i t\u00e8cnics municipals, a m\u00e9s de les dues assessories que estan duent a terme els projectes de Redacci\u00f3 de Normes Subsidi\u00e0ries i de Cat\u00e0leg de B\u00e9ns i Espais Protegits de Bunyol. &nbsp;<\/p>\n\n\n\n<p>L&#8217;edil d&#8217;Urbanisme confirma les bones sensacions que per part de tot l&#8217;equip t\u00e8cnic del Consistori perceben de totes dues empreses per la rapidesa i efici\u00e8ncia en el seu treball, \u201cperqu\u00e8 tots entenem que cal fer-ho r\u00e0pid per\u00f2 de manera correcta amb la finalitat que siguen dues eines que puguen utilitzar-se els pr\u00f2xims 30 o 40 anys, encara que sabem que els temps d&#8217;execuci\u00f3 i finalitzaci\u00f3 de tots dos projectes s\u00f3n llargs\u201d.<\/p>\n\n\n\n<p>Rafa P\u00e9rez confirma que porten uns dos mesos d&#8217;avan\u00e7ament de treball, \u201cencara que es preveu que tots dos projectes, que eren objectius des de principis de legislatura, no estiguen finalitzats abans de tres anys\u201d. En tal cas, assegura el primer Tinent d&#8217;Alcalde, tota empresa que desitge instal\u00b7lar-se en alguna zona del nostre terme, l&#8217;Ajuntament t\u00e9 els mecanismes suficients per a assegurar-li tots els tr\u00e0mits burocr\u00e0tics legals, encara que s\u00ed que \u00e9s cert que amb la redacci\u00f3 de les Normes Subsidi\u00e0ries completes aqueixos temps s&#8217;acurtaran m\u00e9s burocr\u00e0ticament\u201d.<\/p>\n\n\n\n<p>En qualsevol cas aquest Ajuntament en el ple de desembre va aprovar la instal\u00b7laci\u00f3 d&#8217;una empresa i pot fer-ho per a futures. \u201cVolem assentar unes bases correctes, amb les quals treballar en el futur i tindre redactat el Bunyol que volem ara i en el futur\u201d, va assenyalar el regidor del ram.<\/p>\n\n\n\n<p>Ahir es van posar sobre la taula punts comuns que defineixen tots dos projectes, que han de tractar-se i fer-se correctament. Aix\u00ed va declarar Rafa P\u00e9rez despr\u00e9s d&#8217;aquesta reuni\u00f3 celebrada a l&#8217;Ajuntament de Bunyol ahir dijous 12 de gener.&nbsp;<\/p>\n\n\n\n<p>Per part del cat\u00e0leg de B\u00e9ns i Espais Protegits tamb\u00e9 s&#8217;establiran unes bases i zones que comptaran amb una especial protecci\u00f3 paratges, zones urban\u00edstiques o b\u00e9ns. \u201cS\u00f3n equips molt solvents dels quals tot l&#8217;equip t\u00e8cnic de l&#8217;Ajuntament est\u00e0 molt satisfet pel seu treball, la seua efici\u00e8ncia i qualitat en el treball exercit fins ara, reduint els temps al m\u00e0xim\u201d, finalitza P\u00e9rez, l&#8217;edil d&#8217;Urbanisme i primer Tinent d&#8217;Alcalde de Bunyol.&nbsp;<\/p>\n\n\n\n<p><\/p>\n","protected":false},"excerpt":{"rendered":"<div class=\"mh-excerpt\">Una nova reuni\u00f3 que va tindre lloc ahir a l&#8217;Ajuntament de Bunyol amb els dos equips redactors dels projectes de Normes Subsidi\u00e0ries i de Cat\u00e0leg de B\u00e9ns i Espais Protegits. Va ser present el primer <a class=\"mh-excerpt-more\" href=\"https:\/\/www.tucomarca.com\/wordpress\/segunda\/ca\/lajuntament-de-bunyol-es-reuneix-amb-els-equips-redactors-dels-projectes-de-reforma-de-normes-subsidiaries-i-de-cataleg-de-bens-i-espais-protegits\/\" title=\"L&#8217;Ajuntament de Bunyol es reuneix amb els equips redactors dels projectes de reforma de Normes Subsidi\u00e0ries i de Cat\u00e0leg de B\u00e9ns i Espais Protegits&nbsp;\">[+] <\/a><\/div>\n","protected":false},"author":12,"featured_media":175898,"comment_status":"open","ping_status":"open","sticky":false,"template":"","format":"standard","meta":{"footnotes":""},"categories":[10911,10948,10894,10912,10947,10896],"tags":[10913,17246,10914],"class_list":{"0":"post-175899","1":"post","2":"type-post","3":"status-publish","4":"format-standard","5":"has-post-thumbnail","7":"category-bunol-ca","8":"category-infraestructuras-ca","9":"category-la-comarca-ca","10":"category-la-hoya-ca","11":"category-politica","12":"category-seccion-ca","13":"tag-bunol-ca","14":"tag-catalogo-de-bienes-y-espacios-protegidos-ca","15":"tag-la-hoya-de-bunol-chiva-ca"},"_links":{"self":[{"href":"https:\/\/www.tucomarca.com\/wordpress\/segunda\/ca\/wp-json\/wp\/v2\/posts\/175899","targetHints":{"allow":["GET"]}}],"collection":[{"href":"https:\/\/www.tucomarca.com\/wordpress\/segunda\/ca\/wp-json\/wp\/v2\/posts"}],"about":[{"href":"https:\/\/www.tucomarca.com\/wordpress\/segunda\/ca\/wp-json\/wp\/v2\/types\/post"}],"author":[{"embeddable":true,"href":"https:\/\/www.tucomarca.com\/wordpress\/segunda\/ca\/wp-json\/wp\/v2\/users\/12"}],"replies":[{"embeddable":true,"href":"https:\/\/www.tucomarca.com\/wordpress\/segunda\/ca\/wp-json\/wp\/v2\/comments?post=175899"}],"version-history":[{"count":0,"href":"https:\/\/www.tucomarca.com\/wordpress\/segunda\/ca\/wp-json\/wp\/v2\/posts\/175899\/revisions"}],"wp:featuredmedia":[{"embeddable":true,"href":"https:\/\/www.tucomarca.com\/wordpress\/segunda\/ca\/wp-json\/wp\/v2\/media\/175898"}],"wp:attachment":[{"href":"https:\/\/www.tucomarca.com\/wordpress\/segunda\/ca\/wp-json\/wp\/v2\/media?parent=175899"}],"wp:term":[{"taxonomy":"category","embeddable":true,"href":"https:\/\/www.tucomarca.com\/wordpress\/segunda\/ca\/wp-json\/wp\/v2\/categories?post=175899"},{"taxonomy":"post_tag","embeddable":true,"href":"https:\/\/www.tucomarca.com\/wordpress\/segunda\/ca\/wp-json\/wp\/v2\/tags?post=175899"}],"curies":[{"name":"wp","href":"https:\/\/api.w.org\/{rel}","templated":true}]}}