{"id":176120,"date":"2023-01-17T12:15:00","date_gmt":"2023-01-17T10:15:00","guid":{"rendered":"https:\/\/www.tucomarca.com\/wordpress\/segunda\/?p=176120"},"modified":"2023-01-17T22:48:50","modified_gmt":"2023-01-17T20:48:50","slug":"el-conseller-dhabitatge-i-el-president-de-la-mancomunitat-la-ribera-alta-signen-un-conveni-per-al-funcionament-de-loficina-xaloc","status":"publish","type":"post","link":"https:\/\/www.tucomarca.com\/wordpress\/segunda\/ca\/el-conseller-dhabitatge-i-el-president-de-la-mancomunitat-la-ribera-alta-signen-un-conveni-per-al-funcionament-de-loficina-xaloc\/","title":{"rendered":"El conseller d&#8217;Habitatge i el president de la Mancomunitat La Ribera Alta signen un conveni per al funcionament de l&#8217;oficina Xaloc"},"content":{"rendered":"\n<h4 class=\"wp-block-heading\">La Generalitat destina 612.858 euros al desenvolupament d&#8217;aquesta oficina, amb seu en Alzira<\/h4>\n\n\n\n<h4 class=\"wp-block-heading\">H\u00e9ctor Illueca presenta l&#8217;actuaci\u00f3 que es desenvolupar\u00e0 en \u00c9nova, dins del Pla de Barris, amb una inversi\u00f3 de 1,9 milions d&#8217;euros<\/h4>\n\n\n\n<p>El vicepresident segon i conseller d&#8217;Habitatge i Arquitectura Bioclim\u00e0tica, H\u00e9ctor Illueca, i el president de la Mancomunitat de La Ribera Alta i alcalde de Sumac\u00e0rcer, Txema Pel\u00e1ez, han signat un conveni que permet prorrogar el funcionament de l&#8217;oficina amb servei de finestreta \u00fanica en mat\u00e8ria d&#8217;habitatge, rehabilitaci\u00f3 i regeneraci\u00f3 urbana, integrada en la xarxa Xaloc. Aquesta oficina ofereix servei als habitants dels municipis integrats en la Mancomunitat i que t\u00e9 la seua seu a Alzira.<\/p>\n\n\n\n<p>El vicepresident segon ha destacat la import\u00e0ncia d&#8217;aquest acord per a \u201cdonar un servei a la ciutadania de manera cont\u00ednua i amb qualitat, oferint informaci\u00f3, mediaci\u00f3 social i assessorament\u201d.<\/p>\n\n\n\n<p>Aix\u00ed mateix, ha assegurat que el desenvolupament de les actuacions en mat\u00e8ria d&#8217;habitatge, regeneraci\u00f3 urbana i rehabilitaci\u00f3 d&#8217;edificis per part de la Generalitat \u201cexigeixen una immediatesa i una proximitat que nom\u00e9s amb oficines d&#8217;aquest tipus podem aconseguir\u201d.<\/p>\n\n\n\n<p>H\u00e9ctor Illueca considera aquestes oficines \u201cuna part fonamental de les pol\u00edtiques d&#8217;habitatge\u201d de la Vicepresid\u00e8ncia Segona. A m\u00e9s, \u201cen l&#8217;actual context institucional marcat per la vehiculaci\u00f3 dels fons europeus, \u00e9s m\u00e9s rellevant que mai refor\u00e7ar aquesta xarxa per a assegurar-nos que els fons europeus arriben a la ciutadania\u201d de la Comunitat Valenciana.<\/p>\n\n\n\n<p>Per part seua, el president de la Mancomunitat ha destacat aquest conveni que \u201crefor\u00e7a l&#8217;oficina que porta funcionant un temps i ens adherim a la pol\u00edtica del Bot\u00e0nic de fer del dret a l&#8217;habitatge una realitat\u201d. Aix\u00ed mateix ,ha agra\u00eft al vicepresident que \u201chaja confiat en la Mancomunitat com una de les impulsores d&#8217;aquest model\u201d de pol\u00edtiques.<\/p>\n\n\n\n<p>L&#8217;acord estableix donar continu\u00eftat a la dotaci\u00f3 d&#8217;una estabilitat financera i als mitjans materials i personals. L&#8217;import total destinat ascendeix a un m\u00e0xim de 612.858 euros. Les quantitats assignades a les anualitats 2023 i 2024 s\u00f3n d&#8217;id\u00e8ntica quantia, 306.429 euros.<\/p>\n\n\n\n<p>H\u00e9ctor Illueca ha agra\u00eft a la Mancomunitat la seua predisposici\u00f3 a col\u00b7laborar amb la Vicepresid\u00e8ncia Segona i Conselleria d&#8217;Habitatge i Arquitectura Bioclim\u00e0tica en la implantaci\u00f3 a nivell municipal de les pol\u00edtiques d&#8217;habitatge.<\/p>\n\n\n\n<p>Aquest conveni de col\u00b7laboraci\u00f3 entra en vigor en el moment de la signatura i finalitza la seua validesa el 31 de desembre de 2024. Una vegada subscrit, es publicar\u00e0 en el portal de transpar\u00e8ncia de la Generalitat i en la web de la Mancomunitat de de la Ribera Alta, a m\u00e9s d&#8217;inscriure&#8217;s en el Registre de convenis de la Generalitat.<\/p>\n\n\n\n<p>En l&#8217;acte de la signatura tamb\u00e9 han sigut presents el secretari auton\u00f2mic d&#8217;Habitatge, Alejandro Aguilar, el director general de Coordinaci\u00f3 de la Vicepresid\u00e8ncia Segona, Marc Aparisi, i alcaldes.<\/p>\n\n\n\n<p>Per part de la Mancomunitat han assistit l&#8217;alcalde de L\u00b4Alc\u00fadia, Andr\u00e9s Salom; l&#8217;alcalde de Tous, Crist\u00f3bal Garc\u00eda; l&#8217;alcaldessa de Senyera, Francisca Momparler; l&#8217;alcaldessa de Manuel, Purificaci\u00f3 Atienza; l&#8217;alcaldessa de Rafelguaraf, Rafaela Aliaga; i la regidora de Benimodo, M\u00aa Jos\u00e9 Mart\u00ednez.<\/p>\n\n\n\n<p><strong>Actuaci\u00f3 al carrer Major de \u00c9nova<\/strong><\/p>\n\n\n\n<p>A continuaci\u00f3, el vicepresident s&#8217;ha despla\u00e7at a \u00c9nova on, al costat de l&#8217;alcalde de la localitat, Tom\u00e1s Giner, ha presentat al ve\u00efnat l&#8217;actuaci\u00f3 que s&#8217;executar\u00e0 gr\u00e0cies a una inversi\u00f3 total de 1,9 milions euros del Pla de Barris en l&#8217;entorn residencial del carrer Major.<\/p>\n\n\n\n<p>Segons ha explicat H\u00e9ctor Illueca, l&#8217;objectiu \u00e9s \u201cimplementar una rehabilitaci\u00f3 integral del barri per a situar aquest grup d&#8217;habitatges en la senda de la transici\u00f3 ecol\u00f2gica\u201d.<\/p>\n\n\n\n<p>Concretament, amb aquesta actuaci\u00f3 s&#8217;instal\u00b7laran equipaments actius i passius en termes energ\u00e8tics: d&#8217;una banda, es millorar\u00e0 substancialment l&#8217;a\u00efllament t\u00e8rmic dels habitatges i per un altre s&#8217;instal\u00b7laran equipaments d&#8217;energia renovable com a panells solars. Alhora es desenvolupar\u00e0 una actuaci\u00f3 a nivell integral del barri per a fomentar la mobilitat sostenible, obrint un carril bici i alliberant espai.<\/p>\n\n\n\n<p>Aix\u00f2 ser\u00e0 possible gr\u00e0cies al Programa d&#8217;ajuda a les actuacions de rehabilitaci\u00f3 a nivell de barri del Pla de Recuperaci\u00f3 Transformaci\u00f3 i Resili\u00e8ncia (PRTR), finan\u00e7at per la Uni\u00f3 Europea a trav\u00e9s del fons Next Generation.<\/p>\n\n\n\n<p>El seu objectiu \u00e9s finan\u00e7ar la realitzaci\u00f3 conjunta d&#8217;obres i actuacions de rehabilitaci\u00f3 en edificis d&#8217;\u00fas residencial i habitatges, inclosos les unifamiliars, i d&#8217;urbanitzaci\u00f3 o reurbanitzaci\u00f3 d&#8217;espais p\u00fablics dins dels anomenats Entorns Residencials de Rehabilitaci\u00f3 Programada (ERRP).<\/p>\n\n\n\n<p>Precisament, la Mancomunitat de la Ribera Alta ha sigut l&#8217;encarregada de presentar al programa de Barris de la UE aquest projecte de millora tan important per a aquesta xicoteta localitat. H\u00e9ctor Illueca ha agra\u00eft l&#8217;esfor\u00e7 de l&#8217;equip professional d&#8217;aquesta oficina d&#8217;habitatge que ha col\u00b7laborat en la redacci\u00f3 d&#8217;aquest projecte.<\/p>\n\n\n\n<p>La setmana passada, H\u00e9ctor Illueca i representants municipals de 23 localitats de la Comunitat Valenciana signaven acords bilaterals per a desenvolupar el programa Barris. Amb una inversi\u00f3 total de 142.848.665 euros per al per\u00edode 2022-2026, es millorar\u00e0 la situaci\u00f3 dels residents de 7.158 habitatges de barris vulnerables. Aquests protocols estaran vigents fins al 31 de juliol de 2026.<\/p>\n\n\n\n<p><\/p>\n","protected":false},"excerpt":{"rendered":"<div class=\"mh-excerpt\">La Generalitat destina 612.858 euros al desenvolupament d&#8217;aquesta oficina, amb seu en Alzira H\u00e9ctor Illueca presenta l&#8217;actuaci\u00f3 que es desenvolupar\u00e0 en \u00c9nova, dins del Pla de Barris, amb una inversi\u00f3 de 1,9 milions d&#8217;euros El <a class=\"mh-excerpt-more\" href=\"https:\/\/www.tucomarca.com\/wordpress\/segunda\/ca\/el-conseller-dhabitatge-i-el-president-de-la-mancomunitat-la-ribera-alta-signen-un-conveni-per-al-funcionament-de-loficina-xaloc\/\" title=\"El conseller d&#8217;Habitatge i el president de la Mancomunitat La Ribera Alta signen un conveni per al funcionament de l&#8217;oficina Xaloc\">[+] <\/a><\/div>\n","protected":false},"author":12,"featured_media":176119,"comment_status":"open","ping_status":"open","sticky":false,"template":"","format":"standard","meta":{"footnotes":""},"categories":[10898,10948,10894,10904,10902,10947,10896,11049],"tags":[11356],"class_list":{"0":"post-176120","1":"post","2":"type-post","3":"status-publish","4":"format-standard","5":"has-post-thumbnail","7":"category-ventana-ca","8":"category-infraestructuras-ca","9":"category-la-comarca-ca","10":"category-sin-categorizar-ca","11":"category-la-ribera-ca","12":"category-politica","13":"category-seccion-ca","14":"category-sumacarcer-ca","15":"tag-ribera-alta-ca"},"_links":{"self":[{"href":"https:\/\/www.tucomarca.com\/wordpress\/segunda\/ca\/wp-json\/wp\/v2\/posts\/176120","targetHints":{"allow":["GET"]}}],"collection":[{"href":"https:\/\/www.tucomarca.com\/wordpress\/segunda\/ca\/wp-json\/wp\/v2\/posts"}],"about":[{"href":"https:\/\/www.tucomarca.com\/wordpress\/segunda\/ca\/wp-json\/wp\/v2\/types\/post"}],"author":[{"embeddable":true,"href":"https:\/\/www.tucomarca.com\/wordpress\/segunda\/ca\/wp-json\/wp\/v2\/users\/12"}],"replies":[{"embeddable":true,"href":"https:\/\/www.tucomarca.com\/wordpress\/segunda\/ca\/wp-json\/wp\/v2\/comments?post=176120"}],"version-history":[{"count":0,"href":"https:\/\/www.tucomarca.com\/wordpress\/segunda\/ca\/wp-json\/wp\/v2\/posts\/176120\/revisions"}],"wp:featuredmedia":[{"embeddable":true,"href":"https:\/\/www.tucomarca.com\/wordpress\/segunda\/ca\/wp-json\/wp\/v2\/media\/176119"}],"wp:attachment":[{"href":"https:\/\/www.tucomarca.com\/wordpress\/segunda\/ca\/wp-json\/wp\/v2\/media?parent=176120"}],"wp:term":[{"taxonomy":"category","embeddable":true,"href":"https:\/\/www.tucomarca.com\/wordpress\/segunda\/ca\/wp-json\/wp\/v2\/categories?post=176120"},{"taxonomy":"post_tag","embeddable":true,"href":"https:\/\/www.tucomarca.com\/wordpress\/segunda\/ca\/wp-json\/wp\/v2\/tags?post=176120"}],"curies":[{"name":"wp","href":"https:\/\/api.w.org\/{rel}","templated":true}]}}