{"id":176138,"date":"2023-01-17T09:00:00","date_gmt":"2023-01-17T07:00:00","guid":{"rendered":"https:\/\/www.tucomarca.com\/wordpress\/segunda\/?p=176138"},"modified":"2023-01-17T22:37:55","modified_gmt":"2023-01-17T20:37:55","slug":"jaime-alguersuari-sera-nomenat-llegenda-del-circuit-en-el-racing-legends-2023","status":"publish","type":"post","link":"https:\/\/www.tucomarca.com\/wordpress\/segunda\/ca\/jaime-alguersuari-sera-nomenat-llegenda-del-circuit-en-el-racing-legends-2023\/","title":{"rendered":"Jaime Alguersuari ser\u00e0 nomenat llegenda del Circuit en el Racing Legends 2023"},"content":{"rendered":"\n<h4 class=\"wp-block-heading\">Campi\u00f3 d\u2019Espanya i campi\u00f3 d\u2019Europa en diferents categories, va ser company i rival de Ricardo Tormo i \u00c1ngel Nieto<\/h4>\n\n\n\n<h4 class=\"wp-block-heading\">Va participar en la creaci\u00f3 del Circuit i va ser promotor d\u2019esdeveniments clau per al motociclisme i l\u2019automobilisme a Espanya<\/h4>\n\n\n\n<p>El Circuit Ricardo Tormo celebrar\u00e0 els dies 4 i 5 de mar\u00e7 la huitena edici\u00f3 del Racing Legends, la concentraci\u00f3 anual de cotxes i motos cl\u00e0ssiques, amb la figura del polifac\u00e8tic pilot, editor i organitzador de grans esdeveniments del motor Jaime Alguersuari com a protagonista.<\/p>\n\n\n\n<p>Jaime Alguersuari \u00e9s un dels personatges que m\u00e9s ha contribu\u00eft en els \u00faltims 50 anys al desenvolupament del motociclisme i l\u2019automobilisme a Espanya. &nbsp;Actualment, t\u00e9 72 anys i entre les diferents activitats que mant\u00e9 es troba la de, a trav\u00e9s de les xarxes socials, convocar els que denomina \u201cels \u00faltims de Filipines\u201d per a parlar sobre l\u2019actualitat del motociclisme des del punt de vista dels moters m\u00e9s aut\u00e8ntics del segle passat.<\/p>\n\n\n\n<p>Seran dues jornades per a recordar el motociclisme \u00e8pic dels anys 70 en qu\u00e8 va ser pilot, va guanyar les 24 hores de Le Mans i de Monjuic, va ser campi\u00f3 d\u2019Espanya i d\u2019Europa, va ser rival d\u2019\u00c1ngel Nieto i Ricardo Tormo, i tamb\u00e9 per a recordar les carreres dels 80 i els 90 en qu\u00e8 la revista que Alguersuari va crear, \u2018Solo moto\u2019, va tindre un paper fonamental com a empresa editora i com a organitzadora d\u2019esdeveniments com el Crit\u00e9rium Solo Moto o el Superprestigio.<\/p>\n\n\n\n<p>En el m\u00f3n de l\u2019automobilisme el treball de Jaime Alguersuari tamb\u00e9 ha sigut clau en els \u00faltims anys. A la fi de la d\u00e8cada dels 90, va ser l\u2019impulsor de la F\u00f3rmula Nissan en la qual Marc Gen\u00e9 primer i Fernando Alonso i Antonio Garc\u00eda despr\u00e9s van ser els primers campions. Ja en el segle XXI, el certamen va evolucionar cap a les World Series by Renault, on destaquen en la llista de campions els de Robert Kubica i Carlos Sainz Jr. i en les quals va participar tamb\u00e9 el seu fill Jaime Alguersuari Jr., que va ser pilot de F\u00f3rmula 1 de 2009 a 2011.<\/p>\n\n\n\n<p>A m\u00e9s, per enc\u00e0rrec de la Generalitat Valenciana, el polifac\u00e8tic protagonista del Racing Legends va dissenyar la configuraci\u00f3 del Circuit Ricardo Tomo que va ser inaugurat en 1999 amb l\u2019ajuda dels pilots valencians Jorge Mart\u00ednez Aspar i Adri\u00e1n Campos.<\/p>\n\n\n\n<p>Alguersuari ser\u00e0 protagonista en la pista, amb una exhibici\u00f3 als comandaments de l\u2019Ossa amb qu\u00e8 Santiago Herrero va estar prop de guanyar el mundial i amb la qual va tindre el fatal accident a l\u2019Illa de Man, i tamb\u00e9 fora de la pista, amb confer\u00e8ncies obertes perqu\u00e8 els assistents comenten amb ell i amb altres pilots de renom detalls del motociclisme i de l\u2019automobilisme de llavors i d\u2019ara.<\/p>\n\n\n\n<p><strong>M\u00e9s de mil vehicles cl\u00e0ssics<\/strong><\/p>\n\n\n\n<p>Motos, cotxes, bicis i tamb\u00e9 camions cl\u00e0ssics formaran part de la concentraci\u00f3. Bona part d\u2019ells participaran en diferents activitats, exhibicions i carreres en el tra\u00e7at mundialista de Cheste. La resta compondr\u00e0 una exposici\u00f3 gegant en la qual no faltaran activitats per a tota la fam\u00edlia.<\/p>\n\n\n\n<p>Les entrades per a assistir a l\u2019esdeveniment estaran a la venda molt prompte en la p\u00e0gina web del&nbsp;&nbsp;Circuit.<\/p>\n\n\n\n<p><\/p>\n","protected":false},"excerpt":{"rendered":"<div class=\"mh-excerpt\">Campi\u00f3 d\u2019Espanya i campi\u00f3 d\u2019Europa en diferents categories, va ser company i rival de Ricardo Tormo i \u00c1ngel Nieto Va participar en la creaci\u00f3 del Circuit i va ser promotor d\u2019esdeveniments clau per al motociclisme <a class=\"mh-excerpt-more\" href=\"https:\/\/www.tucomarca.com\/wordpress\/segunda\/ca\/jaime-alguersuari-sera-nomenat-llegenda-del-circuit-en-el-racing-legends-2023\/\" title=\"Jaime Alguersuari ser\u00e0 nomenat llegenda del Circuit en el Racing Legends 2023\">[+] <\/a><\/div>\n","protected":false},"author":12,"featured_media":176137,"comment_status":"open","ping_status":"open","sticky":false,"template":"","format":"standard","meta":{"footnotes":""},"categories":[11003,10894,10904,10912,11011,10896,10974],"tags":[11412,18679,18680],"class_list":{"0":"post-176138","1":"post","2":"type-post","3":"status-publish","4":"format-standard","5":"has-post-thumbnail","7":"category-sports","8":"category-la-comarca-ca","9":"category-sin-categorizar-ca","10":"category-la-hoya-ca","11":"category-motociclismo-ca","12":"category-seccion-ca","13":"category-cheste-ca","14":"tag-circuit-ricardo-tormo-ca","15":"tag-jaime-alguersuari-ca","16":"tag-racing-legends-2023-ca"},"_links":{"self":[{"href":"https:\/\/www.tucomarca.com\/wordpress\/segunda\/ca\/wp-json\/wp\/v2\/posts\/176138","targetHints":{"allow":["GET"]}}],"collection":[{"href":"https:\/\/www.tucomarca.com\/wordpress\/segunda\/ca\/wp-json\/wp\/v2\/posts"}],"about":[{"href":"https:\/\/www.tucomarca.com\/wordpress\/segunda\/ca\/wp-json\/wp\/v2\/types\/post"}],"author":[{"embeddable":true,"href":"https:\/\/www.tucomarca.com\/wordpress\/segunda\/ca\/wp-json\/wp\/v2\/users\/12"}],"replies":[{"embeddable":true,"href":"https:\/\/www.tucomarca.com\/wordpress\/segunda\/ca\/wp-json\/wp\/v2\/comments?post=176138"}],"version-history":[{"count":0,"href":"https:\/\/www.tucomarca.com\/wordpress\/segunda\/ca\/wp-json\/wp\/v2\/posts\/176138\/revisions"}],"wp:featuredmedia":[{"embeddable":true,"href":"https:\/\/www.tucomarca.com\/wordpress\/segunda\/ca\/wp-json\/wp\/v2\/media\/176137"}],"wp:attachment":[{"href":"https:\/\/www.tucomarca.com\/wordpress\/segunda\/ca\/wp-json\/wp\/v2\/media?parent=176138"}],"wp:term":[{"taxonomy":"category","embeddable":true,"href":"https:\/\/www.tucomarca.com\/wordpress\/segunda\/ca\/wp-json\/wp\/v2\/categories?post=176138"},{"taxonomy":"post_tag","embeddable":true,"href":"https:\/\/www.tucomarca.com\/wordpress\/segunda\/ca\/wp-json\/wp\/v2\/tags?post=176138"}],"curies":[{"name":"wp","href":"https:\/\/api.w.org\/{rel}","templated":true}]}}