{"id":176364,"date":"2023-01-20T15:00:00","date_gmt":"2023-01-20T13:00:00","guid":{"rendered":"https:\/\/www.tucomarca.com\/wordpress\/segunda\/?p=176364"},"modified":"2023-01-20T15:47:38","modified_gmt":"2023-01-20T13:47:38","slug":"la-guardia-civil-dete-a-3-persones-responsables-de-2-robatoris-a-la-comarca-dels-serrans","status":"publish","type":"post","link":"https:\/\/www.tucomarca.com\/wordpress\/segunda\/ca\/la-guardia-civil-dete-a-3-persones-responsables-de-2-robatoris-a-la-comarca-dels-serrans\/","title":{"rendered":"La Gu\u00e0rdia Civil det\u00e9 a 3 persones responsables de 2 robatoris a la comarca dels Serrans\u00a0"},"content":{"rendered":"\n<h3 class=\"wp-block-heading\"><strong>Diversos ve\u00efns van observar un vehicle, d&#8217;una marca i color determinat, que no era conegut de la zona i no parava de circular pel municipi sense detindre&#8217;s en cap establiment o domicili<\/strong><\/h3>\n\n\n\n<h3 class=\"wp-block-heading\"><strong>En el mat\u00ed del passat 18 de gener, un ve\u00ed va donar av\u00eds a la Gu\u00e0rdia Civil que el mateix cotxe es trobava de nou al poble<\/strong><\/h3>\n\n\n\n<h3 class=\"wp-block-heading\"><strong>Els suposats autors, en la seua fugida, no van dubtar a investir, pel para-xocs posterior, el patrulla de la Gu\u00e0rdia Civil, provocant que tots dos vehicles es pararen<\/strong><\/h3>\n\n\n\n<h3 class=\"wp-block-heading\"><strong>Les plaques de matr\u00edcula que usaven els suposats autors havien sigut robades a Alacant i el cotxe pertanyia a una companyia de lloguer de vehicles<\/strong><\/h3>\n\n\n\n<p>La Gu\u00e0rdia Civil de Val\u00e8ncia ha detingut a 3 homes que havien com\u00e9s 2 robatoris en domicilis en una localitat de la comarca dels Serrans.<\/p>\n\n\n\n<p>El 14 de gener, la Gu\u00e0rdia Civil de Val\u00e8ncia va tindre coneixement d&#8217;un robatori en un habitatge en una localitat de la comarca dels Serrans.<\/p>\n\n\n\n<p>Diversos ve\u00efns van observar un vehicle, d&#8217;una marca i color determinat, que no era conegut de la zona i no parava de circular pel municipi sense detindre&#8217;s en cap establiment o domicili.<\/p>\n\n\n\n<p>En el mat\u00ed del passat 18 de gener, un ve\u00ed va donar av\u00eds a la Gu\u00e0rdia Civil que el mateix cotxe es trobava de nou al poble. A l&#8217;arribada dels agents, van ser informats que una ve\u00efna havia patit un robatori en la seua resid\u00e8ncia mentre estava fora.<\/p>\n\n\n\n<p>Diligentment, els agents van comen\u00e7ar la cerca del vehicle assenyalat per a la identificaci\u00f3 dels seus ocupants. Minuts m\u00e9s tard, van ser localitzats, per la qual cosa els agents despr\u00e9s d&#8217;impartir diversos advertiments perqu\u00e8 els suposats autors detingueren el seu cotxe fent cas om\u00eds, el vehicle oficial de la Gu\u00e0rdia Civil va avan\u00e7ar a aquest amb la intenci\u00f3 que es detinguera. Pel que els suposats autors, en la seua fugida, no van dubtar a investir, pel para-xocs posterior, el patrulla de la Gu\u00e0rdia Civil, provocant que tots dos vehicles es pararen.<\/p>\n\n\n\n<p>Els agents, van baixar del cotxe i van procedir a la detenci\u00f3 dels 3 ocupants. Despr\u00e9s, despr\u00e9s de registrar el vehicle van trobar 1 300 euros i diverses joies valorades en m\u00e9s de 3 000 euros. A m\u00e9s, tamb\u00e9 es van trobar diverses eines com a malls, radials, tornavisos i diversos tel\u00e8fons m\u00f2bils, walkies talkies, passamuntanyes, guants, etc..\u00a0<\/p>\n\n\n\n<p>Les plaques de matr\u00edcula que usaven els suposats autors havien sigut robades a Alacant i el cotxe pertanyia a una companyia de lloguer de vehicles.<\/p>\n\n\n\n<p>Tant les joies com els diners en efectiu han sigut entrades a la seua leg\u00edtima propiet\u00e0ria.<\/p>\n\n\n\n<p>La Gu\u00e0rdia Civil de Val\u00e8ncia ha detingut a 3 homes de 18, 21 i 26 anys, de nacionalitat s\u00e8rbia, per 2 delictes de robatori amb for\u00e7a, falsificaci\u00f3 de document p\u00fablic, furt i atemptat contra agent de l&#8217;autoritat.&nbsp;<\/p>\n\n\n\n<p>Les dilig\u00e8ncies han sigut entregades en el Jutjat de Primera Inst\u00e0ncia i Instrucci\u00f3 N\u00famero 4 de Lliria.<\/p>\n\n\n\n<figure class=\"wp-block-image size-large\"><img loading=\"lazy\" decoding=\"async\" width=\"1024\" height=\"626\" src=\"http:\/\/www.tucomarca.com\/wordpress\/segunda\/wp-content\/uploads\/2023\/01\/GCRobosSerranos-1024x626.png\" alt=\"\" class=\"wp-image-176365\" srcset=\"https:\/\/www.tucomarca.com\/wordpress\/segunda\/wp-content\/uploads\/2023\/01\/GCRobosSerranos-1024x626.png 1024w, https:\/\/www.tucomarca.com\/wordpress\/segunda\/wp-content\/uploads\/2023\/01\/GCRobosSerranos-300x184.png 300w, https:\/\/www.tucomarca.com\/wordpress\/segunda\/wp-content\/uploads\/2023\/01\/GCRobosSerranos-768x470.png 768w, https:\/\/www.tucomarca.com\/wordpress\/segunda\/wp-content\/uploads\/2023\/01\/GCRobosSerranos-1536x940.png 1536w, https:\/\/www.tucomarca.com\/wordpress\/segunda\/wp-content\/uploads\/2023\/01\/GCRobosSerranos.png 1628w\" sizes=\"auto, (max-width: 1024px) 100vw, 1024px\" \/><\/figure>\n","protected":false},"excerpt":{"rendered":"<div class=\"mh-excerpt\">Diversos ve\u00efns van observar un vehicle, d&#8217;una marca i color determinat, que no era conegut de la zona i no parava de circular pel municipi sense detindre&#8217;s en cap establiment o domicili En el mat\u00ed <a class=\"mh-excerpt-more\" href=\"https:\/\/www.tucomarca.com\/wordpress\/segunda\/ca\/la-guardia-civil-dete-a-3-persones-responsables-de-2-robatoris-a-la-comarca-dels-serrans\/\" title=\"La Gu\u00e0rdia Civil det\u00e9 a 3 persones responsables de 2 robatoris a la comarca dels Serrans\u00a0\">[+] <\/a><\/div>\n","protected":false},"author":1,"featured_media":176367,"comment_status":"open","ping_status":"open","sticky":false,"template":"","format":"standard","meta":{"footnotes":""},"categories":[11046,10898,10894,10904,10896,10897],"tags":[11118,11928,11080],"class_list":{"0":"post-176364","1":"post","2":"type-post","3":"status-publish","4":"format-standard","5":"has-post-thumbnail","7":"category-los-serranos-ca","8":"category-ventana-ca","9":"category-la-comarca-ca","10":"category-sin-categorizar-ca","11":"category-seccion-ca","12":"category-sucesos-la-comarca-ca","13":"tag-guardia-civil-ca","14":"tag-la-serrania-ca","15":"tag-los-serranos-ca"},"_links":{"self":[{"href":"https:\/\/www.tucomarca.com\/wordpress\/segunda\/ca\/wp-json\/wp\/v2\/posts\/176364","targetHints":{"allow":["GET"]}}],"collection":[{"href":"https:\/\/www.tucomarca.com\/wordpress\/segunda\/ca\/wp-json\/wp\/v2\/posts"}],"about":[{"href":"https:\/\/www.tucomarca.com\/wordpress\/segunda\/ca\/wp-json\/wp\/v2\/types\/post"}],"author":[{"embeddable":true,"href":"https:\/\/www.tucomarca.com\/wordpress\/segunda\/ca\/wp-json\/wp\/v2\/users\/1"}],"replies":[{"embeddable":true,"href":"https:\/\/www.tucomarca.com\/wordpress\/segunda\/ca\/wp-json\/wp\/v2\/comments?post=176364"}],"version-history":[{"count":0,"href":"https:\/\/www.tucomarca.com\/wordpress\/segunda\/ca\/wp-json\/wp\/v2\/posts\/176364\/revisions"}],"wp:featuredmedia":[{"embeddable":true,"href":"https:\/\/www.tucomarca.com\/wordpress\/segunda\/ca\/wp-json\/wp\/v2\/media\/176367"}],"wp:attachment":[{"href":"https:\/\/www.tucomarca.com\/wordpress\/segunda\/ca\/wp-json\/wp\/v2\/media?parent=176364"}],"wp:term":[{"taxonomy":"category","embeddable":true,"href":"https:\/\/www.tucomarca.com\/wordpress\/segunda\/ca\/wp-json\/wp\/v2\/categories?post=176364"},{"taxonomy":"post_tag","embeddable":true,"href":"https:\/\/www.tucomarca.com\/wordpress\/segunda\/ca\/wp-json\/wp\/v2\/tags?post=176364"}],"curies":[{"name":"wp","href":"https:\/\/api.w.org\/{rel}","templated":true}]}}