{"id":176376,"date":"2023-01-20T15:05:00","date_gmt":"2023-01-20T13:05:00","guid":{"rendered":"https:\/\/www.tucomarca.com\/wordpress\/segunda\/?p=176376"},"modified":"2023-01-20T15:57:50","modified_gmt":"2023-01-20T13:57:50","slug":"el-consell-autoritza-els-contractes-de-les-concessions-dautobus-de-larea-metropolitana-de-valencia-i-de-la-foia-de-bunyol","status":"publish","type":"post","link":"https:\/\/www.tucomarca.com\/wordpress\/segunda\/ca\/el-consell-autoritza-els-contractes-de-les-concessions-dautobus-de-larea-metropolitana-de-valencia-i-de-la-foia-de-bunyol\/","title":{"rendered":"El Consell autoritza els contractes de les concessions d&#8217;autob\u00fas de l&#8217;\u00e0rea metropolitana de Val\u00e8ncia i de la Foia de Bunyol"},"content":{"rendered":"\n<h3 class=\"wp-block-heading\"><strong>S&#8217;emmarquen en el nou model que la Generalitat ha dissenyat per a una major efici\u00e8ncia i sostenibilitat del sistema<\/strong><\/h3>\n\n\n\n<h3 class=\"wp-block-heading\"><strong>Els nous serveis donen una major cobertura territorial, adequada a l&#8217;oferta a les necessitats de la demanda i fomenten la intermodalitat<\/strong><\/h3>\n\n\n\n<p>El Consell ha autoritzat els contractes de les concessions del servei de transport p\u00fablic regular de viatgers i viatgeres mitjan\u00e7ant autobusos CV-102 Val\u00e8ncia Metropolitana Nord; CV-106 Val\u00e8ncia Metropolitana Oest, CV-107 la Foia de Bunyol-Val\u00e8ncia i CV-108 Val\u00e8ncia Metropolitana Sud.<\/p>\n\n\n\n<p>La Conselleria de Pol\u00edtica Territorial, Obres P\u00fabliques i Mobilitat destinar\u00e0 a un pressupost de 228 milions d&#8217;euros per a donar servei de transport p\u00fablic a una poblaci\u00f3 de prop de 800.000 persones. Aquestes concessions s&#8217;emmarquen en el nou model que la Conselleria ha dissenyat per a una major efici\u00e8ncia i sostenibilitat del sistema amb l&#8217;objectiu de fomentar l&#8217;\u00fas del transport p\u00fablic.<\/p>\n\n\n\n<p>Aix\u00ed mateix, els nous serveis es caracteritzen, especialment, per una major cobertura territorial i adequar l&#8217;oferta a les necessitats de la demanda, aix\u00ed com per fomentar la intermodalitat i coordinar les diferents maneres de transport p\u00fablic.<\/p>\n\n\n\n<p>El contracte de la concessi\u00f3 CV-102 Val\u00e8ncia Metropolitana Nord compr\u00e9n el Corredor que connecta la ciutat de Val\u00e8ncia amb tots els municipis i zones de platja que es troben al nord de la capital fins a La Vall d&#8217;Uix\u00f3 i ascendeix a 36.870.732,47 \u20ac euros.<\/p>\n\n\n\n<p>La concessi\u00f3 CV-106 Val\u00e8ncia Metropolitana Oest es xifra en 107.314.357,92 euros i uneix els municipis d&#8217;Alaqu\u00e0s, Aldaia, Xiva, Manises, Mislata, Quart de Poblet, Torrent i Xirivella entre si i amb Val\u00e8ncia, a m\u00e9s de connectar transversalment els municipis de Quart de Poblet, Manises i Paterna amb el campus universitari de Burjassot.<\/p>\n\n\n\n<p>Quant a la CV-107 la Foia de Bunyol-Val\u00e8ncia, amb un pressupost de 20.747.585,32 euros, connecta tots els municipis de La Foia de Bunyol, a excepci\u00f3 de Setaig\u00fces i Dosaig\u00fces, i el municipi de Tur\u00eds, pertanyent a la comarca de la Ribera Alta, amb els centres sanitaris de refer\u00e8ncia a Manises i Aldaia i amb la ciutat de Val\u00e8ncia.<\/p>\n\n\n\n<p>Finalment, el pressupost de la CV-108 Val\u00e8ncia Metropolitana Sud s&#8217;ha estimat en 63.871.491,09 euros. Aquesta concessi\u00f3 enlla\u00e7a els municipis d&#8217;Albal, Alc\u00e0sser, Alfafar, Benet\u00fasser, Beniparrell, Catarroja, Massanassa, Paiporta, Picanya, Picassent, Sedav\u00ed, Silla entre si i amb Torrent i Val\u00e8ncia, i per la franja litoral arriba a endinsar-se a la Ribera Baixa, connectant tamb\u00e9 la zona de platges de Sueca amb la capital.<\/p>\n\n\n\n<p><\/p>\n\n\n\n<p><\/p>\n\n\n\n<p><\/p>\n\n\n\n<p><\/p>\n","protected":false},"excerpt":{"rendered":"<div class=\"mh-excerpt\">S&#8217;emmarquen en el nou model que la Generalitat ha dissenyat per a una major efici\u00e8ncia i sostenibilitat del sistema Els nous serveis donen una major cobertura territorial, adequada a l&#8217;oferta a les necessitats de la <a class=\"mh-excerpt-more\" href=\"https:\/\/www.tucomarca.com\/wordpress\/segunda\/ca\/el-consell-autoritza-els-contractes-de-les-concessions-dautobus-de-larea-metropolitana-de-valencia-i-de-la-foia-de-bunyol\/\" title=\"El Consell autoritza els contractes de les concessions d&#8217;autob\u00fas de l&#8217;\u00e0rea metropolitana de Val\u00e8ncia i de la Foia de Bunyol\">[+] <\/a><\/div>\n","protected":false},"author":1,"featured_media":176377,"comment_status":"open","ping_status":"open","sticky":false,"template":"","format":"standard","meta":{"footnotes":""},"categories":[10948,10894,10904,10912,10947,10896],"tags":[16720,10914],"class_list":{"0":"post-176376","1":"post","2":"type-post","3":"status-publish","4":"format-standard","5":"has-post-thumbnail","7":"category-infraestructuras-ca","8":"category-la-comarca-ca","9":"category-sin-categorizar-ca","10":"category-la-hoya-ca","11":"category-politica","12":"category-seccion-ca","13":"tag-autobus-ca","14":"tag-la-hoya-de-bunol-chiva-ca"},"_links":{"self":[{"href":"https:\/\/www.tucomarca.com\/wordpress\/segunda\/ca\/wp-json\/wp\/v2\/posts\/176376","targetHints":{"allow":["GET"]}}],"collection":[{"href":"https:\/\/www.tucomarca.com\/wordpress\/segunda\/ca\/wp-json\/wp\/v2\/posts"}],"about":[{"href":"https:\/\/www.tucomarca.com\/wordpress\/segunda\/ca\/wp-json\/wp\/v2\/types\/post"}],"author":[{"embeddable":true,"href":"https:\/\/www.tucomarca.com\/wordpress\/segunda\/ca\/wp-json\/wp\/v2\/users\/1"}],"replies":[{"embeddable":true,"href":"https:\/\/www.tucomarca.com\/wordpress\/segunda\/ca\/wp-json\/wp\/v2\/comments?post=176376"}],"version-history":[{"count":0,"href":"https:\/\/www.tucomarca.com\/wordpress\/segunda\/ca\/wp-json\/wp\/v2\/posts\/176376\/revisions"}],"wp:featuredmedia":[{"embeddable":true,"href":"https:\/\/www.tucomarca.com\/wordpress\/segunda\/ca\/wp-json\/wp\/v2\/media\/176377"}],"wp:attachment":[{"href":"https:\/\/www.tucomarca.com\/wordpress\/segunda\/ca\/wp-json\/wp\/v2\/media?parent=176376"}],"wp:term":[{"taxonomy":"category","embeddable":true,"href":"https:\/\/www.tucomarca.com\/wordpress\/segunda\/ca\/wp-json\/wp\/v2\/categories?post=176376"},{"taxonomy":"post_tag","embeddable":true,"href":"https:\/\/www.tucomarca.com\/wordpress\/segunda\/ca\/wp-json\/wp\/v2\/tags?post=176376"}],"curies":[{"name":"wp","href":"https:\/\/api.w.org\/{rel}","templated":true}]}}