{"id":176384,"date":"2023-01-20T18:00:00","date_gmt":"2023-01-20T16:00:00","guid":{"rendered":"https:\/\/www.tucomarca.com\/wordpress\/segunda\/?p=176384"},"modified":"2023-01-20T20:07:30","modified_gmt":"2023-01-20T18:07:30","slug":"sanitat-notifica-23-defuncions-i-1-078-nous-casos-de-coronavirus-en-la-comunitat-valenciana-614-dells-en-persones-majors-de-60-anys","status":"publish","type":"post","link":"https:\/\/www.tucomarca.com\/wordpress\/segunda\/ca\/sanitat-notifica-23-defuncions-i-1-078-nous-casos-de-coronavirus-en-la-comunitat-valenciana-614-dells-en-persones-majors-de-60-anys\/","title":{"rendered":"Sanitat notifica 23 defuncions i 1.078 nous casos de coronavirus en la Comunitat Valenciana, 614 d&#8217;ells en persones majors de 60 anys"},"content":{"rendered":"\n<h3 class=\"wp-block-heading\"><strong><strong>Els hospitals valencians tenen 223 persones ingressades per COVID, 15 d&#8217;elles en l&#8217;UCI<\/strong><\/strong><\/h3>\n\n\n\n<p>La Conselleria de Sanitat Universal i Salut P\u00fablica ha notificat un total de 1.078 nous casos de coronavirus confirmats per prova PCR o a trav\u00e9s de test d&#8217;ant\u00edgens des de l&#8217;\u00faltima actualitzaci\u00f3 divendres passat. Els nous casos per prov\u00edncies s\u00f3n 142 a Castell\u00f3 (195.699 en total), 409 a Alacant (535.027 en total) i 527 a Val\u00e8ncia (852.250 en total).<\/p>\n\n\n\n<p>D&#8217;ells, 614 s\u00f3n de persones majors de 60 anys. Per prov\u00edncies: 82 de Castell\u00f3, 261 d&#8217;Alacant i 271 de Val\u00e8ncia.<\/p>\n\n\n\n<p>Els hospitals valencians tenen actualment 223 persones ingressades per coronavirus, 15 d&#8217;elles en l&#8217;UCI: 21 a la prov\u00edncia de Castell\u00f3, 0 en UCI; 123 a la prov\u00edncia d&#8217;Alacant, 9 d&#8217;elles en l&#8217;UCI, i 79 a la prov\u00edncia de Val\u00e8ncia, 6 en UCI.<\/p>\n\n\n\n<p>S&#8217;han notificat 23 defuncions per coronavirus des de l&#8217;\u00faltima actualitzaci\u00f3, tots amb defunci\u00f3 en els \u00faltims 15 dies. Es tracta de 8 dones, d&#8217;entre 72 i 100 anys, i 15 homes d&#8217;entre 63 i 90 anys. El total de decessos des de l&#8217;inici de la pand\u00e8mia ascendeix a 10.348: 1.243 a la prov\u00edncia de Castell\u00f3, 3.928 en la d&#8217;Alacant i 5.177 en la de Val\u00e8ncia.<\/p>\n\n\n\n<p><\/p>\n\n\n\n<p><\/p>\n","protected":false},"excerpt":{"rendered":"<div class=\"mh-excerpt\">Els hospitals valencians tenen 223 persones ingressades per COVID, 15 d&#8217;elles en l&#8217;UCI La Conselleria de Sanitat Universal i Salut P\u00fablica ha notificat un total de 1.078 nous casos de coronavirus confirmats per prova PCR <a class=\"mh-excerpt-more\" href=\"https:\/\/www.tucomarca.com\/wordpress\/segunda\/ca\/sanitat-notifica-23-defuncions-i-1-078-nous-casos-de-coronavirus-en-la-comunitat-valenciana-614-dells-en-persones-majors-de-60-anys\/\" title=\"Sanitat notifica 23 defuncions i 1.078 nous casos de coronavirus en la Comunitat Valenciana, 614 d&#8217;ells en persones majors de 60 anys\">[+] <\/a><\/div>\n","protected":false},"author":1,"featured_media":153022,"comment_status":"open","ping_status":"open","sticky":false,"template":"","format":"standard","meta":{"footnotes":""},"categories":[12202,10948,10894,10904,10896,10897],"tags":[11939,11940,11952,11199],"class_list":{"0":"post-176384","1":"post","2":"type-post","3":"status-publish","4":"format-standard","5":"has-post-thumbnail","7":"category-covid-19-ca","8":"category-infraestructuras-ca","9":"category-la-comarca-ca","10":"category-sin-categorizar-ca","11":"category-seccion-ca","12":"category-sucesos-la-comarca-ca","13":"tag-coronavirus-ca","14":"tag-covid-19-ca","15":"tag-covid2019-ca","16":"tag-la-comunitat-ca"},"_links":{"self":[{"href":"https:\/\/www.tucomarca.com\/wordpress\/segunda\/ca\/wp-json\/wp\/v2\/posts\/176384","targetHints":{"allow":["GET"]}}],"collection":[{"href":"https:\/\/www.tucomarca.com\/wordpress\/segunda\/ca\/wp-json\/wp\/v2\/posts"}],"about":[{"href":"https:\/\/www.tucomarca.com\/wordpress\/segunda\/ca\/wp-json\/wp\/v2\/types\/post"}],"author":[{"embeddable":true,"href":"https:\/\/www.tucomarca.com\/wordpress\/segunda\/ca\/wp-json\/wp\/v2\/users\/1"}],"replies":[{"embeddable":true,"href":"https:\/\/www.tucomarca.com\/wordpress\/segunda\/ca\/wp-json\/wp\/v2\/comments?post=176384"}],"version-history":[{"count":0,"href":"https:\/\/www.tucomarca.com\/wordpress\/segunda\/ca\/wp-json\/wp\/v2\/posts\/176384\/revisions"}],"wp:featuredmedia":[{"embeddable":true,"href":"https:\/\/www.tucomarca.com\/wordpress\/segunda\/ca\/wp-json\/wp\/v2\/media\/153022"}],"wp:attachment":[{"href":"https:\/\/www.tucomarca.com\/wordpress\/segunda\/ca\/wp-json\/wp\/v2\/media?parent=176384"}],"wp:term":[{"taxonomy":"category","embeddable":true,"href":"https:\/\/www.tucomarca.com\/wordpress\/segunda\/ca\/wp-json\/wp\/v2\/categories?post=176384"},{"taxonomy":"post_tag","embeddable":true,"href":"https:\/\/www.tucomarca.com\/wordpress\/segunda\/ca\/wp-json\/wp\/v2\/tags?post=176384"}],"curies":[{"name":"wp","href":"https:\/\/api.w.org\/{rel}","templated":true}]}}