{"id":176428,"date":"2023-01-20T15:15:00","date_gmt":"2023-01-20T13:15:00","guid":{"rendered":"https:\/\/www.tucomarca.com\/wordpress\/segunda\/?p=176428"},"modified":"2023-01-20T22:32:33","modified_gmt":"2023-01-20T20:32:33","slug":"el-prya-mostra-el-seu-suport-al-sector-del-cava-de-requena-davant-el-nou-atac-dels-cellerers-catalans","status":"publish","type":"post","link":"https:\/\/www.tucomarca.com\/wordpress\/segunda\/ca\/el-prya-mostra-el-seu-suport-al-sector-del-cava-de-requena-davant-el-nou-atac-dels-cellerers-catalans\/","title":{"rendered":"El PRyA mostra el seu suport al sector del Cava de Requena davant el nou atac dels cellerers catalans"},"content":{"rendered":"\n<p>Des del Partit de Requena i Llogarets mostren el seu suport al Cava de Requena &#8220;volem expressar el nostre m\u00e9s ferm suport a tot el sector del Cava de Requena, que est\u00e0 sent una altra vegada atacat pels cellers catalans&#8221;, setons afirmen.\u00a0<\/p>\n\n\n\n<p>&#8220;Despr\u00e9s de donar-nos la ra\u00f3 la just\u00edcia per a poder utilitzar l&#8217;\u00fanic nom que ens representa, el de Cava de Requena, ara els representants de la DO Cava recorren al Tribunal Suprem la decisi\u00f3 del TSJM que ens donava la ra\u00f3&#8221;, afigen.\u00a0<\/p>\n\n\n\n<p>&#8220;El&nbsp;Ple del Consell Regulador de la Denominaci\u00f3 d&#8217;Origen Cava, controlat pels catalans, ha decidit&nbsp;impugnar&nbsp;la sent\u00e8ncia del Tribunal Superior de Just\u00edcia de Madrid que&nbsp;avala l&#8217;\u00fas del terme &#8216;Cava de Requena&#8217;, amb el vot en contra del vocal dels productors valencians i extremenys, Fernando Medina, i amb dues abstencions del sector productor&#8221;.<\/p>\n\n\n\n<p>&#8220;Aquest atac del sector catal\u00e0 del cava no obeeix a la possible confusi\u00f3\u00a0al consumidor respecte a la DO Utiel-Requena. Els seus motius, encara que no els diuen, no s\u00f3n uns altres que la forta compet\u00e8ncia que el cava de Requena fa als produ\u00efts a Catalunya, i no tenen una altra manera de frenar-nos que amb aquests m\u00e8todes r\u00e8ptils i vergonyosos que semblen m\u00e9s propis d&#8217;una organitzaci\u00f3 mafiosa&#8221;, diu el PRyA.\u00a0<\/p>\n\n\n\n<p>&#8220;El Cava de Requena \u00e9s una part molt important de la nostra economia local i ja \u00e9s un referent m\u00e9s de la nostra identitat, per aix\u00f2 hem de defensar-lo amb fermesa dels atacs catalans al nostre sector&#8221;.&nbsp;<\/p>\n\n\n\n<p>&#8220;Des del PRyA volem expressar la nostra repulsa m\u00e9s absoluta a aquest nou atac dels cellerers catalans al Cava de Requena, i oferim tot el que siga a la nostra m\u00e0 com a formaci\u00f3 pol\u00edtica als productors requenenses&#8221;, finalitzen.<\/p>\n\n\n\n<p><\/p>\n","protected":false},"excerpt":{"rendered":"<div class=\"mh-excerpt\">Des del Partit de Requena i Llogarets mostren el seu suport al Cava de Requena &#8220;volem expressar el nostre m\u00e9s ferm suport a tot el sector del Cava de Requena, que est\u00e0 sent una altra <a class=\"mh-excerpt-more\" href=\"https:\/\/www.tucomarca.com\/wordpress\/segunda\/ca\/el-prya-mostra-el-seu-suport-al-sector-del-cava-de-requena-davant-el-nou-atac-dels-cellerers-catalans\/\" title=\"El PRyA mostra el seu suport al sector del Cava de Requena davant el nou atac dels cellerers catalans\">[+] <\/a><\/div>\n","protected":false},"author":12,"featured_media":176427,"comment_status":"open","ping_status":"open","sticky":false,"template":"","format":"standard","meta":{"footnotes":""},"categories":[10905,10948,10894,10947,10908,10909,10896],"tags":[13148,12796,11099,10910],"class_list":{"0":"post-176428","1":"post","2":"type-post","3":"status-publish","4":"format-standard","5":"has-post-thumbnail","7":"category-agricultura-la-comarca-ca","8":"category-infraestructuras-ca","9":"category-la-comarca-ca","10":"category-politica","11":"category-requena-ca","12":"category-requena-utiel-ca","13":"category-seccion-ca","14":"tag-cava-de-requena-ca","15":"tag-prya-ca","16":"tag-requena-ca","17":"tag-requena-utiel-ca"},"_links":{"self":[{"href":"https:\/\/www.tucomarca.com\/wordpress\/segunda\/ca\/wp-json\/wp\/v2\/posts\/176428","targetHints":{"allow":["GET"]}}],"collection":[{"href":"https:\/\/www.tucomarca.com\/wordpress\/segunda\/ca\/wp-json\/wp\/v2\/posts"}],"about":[{"href":"https:\/\/www.tucomarca.com\/wordpress\/segunda\/ca\/wp-json\/wp\/v2\/types\/post"}],"author":[{"embeddable":true,"href":"https:\/\/www.tucomarca.com\/wordpress\/segunda\/ca\/wp-json\/wp\/v2\/users\/12"}],"replies":[{"embeddable":true,"href":"https:\/\/www.tucomarca.com\/wordpress\/segunda\/ca\/wp-json\/wp\/v2\/comments?post=176428"}],"version-history":[{"count":0,"href":"https:\/\/www.tucomarca.com\/wordpress\/segunda\/ca\/wp-json\/wp\/v2\/posts\/176428\/revisions"}],"wp:featuredmedia":[{"embeddable":true,"href":"https:\/\/www.tucomarca.com\/wordpress\/segunda\/ca\/wp-json\/wp\/v2\/media\/176427"}],"wp:attachment":[{"href":"https:\/\/www.tucomarca.com\/wordpress\/segunda\/ca\/wp-json\/wp\/v2\/media?parent=176428"}],"wp:term":[{"taxonomy":"category","embeddable":true,"href":"https:\/\/www.tucomarca.com\/wordpress\/segunda\/ca\/wp-json\/wp\/v2\/categories?post=176428"},{"taxonomy":"post_tag","embeddable":true,"href":"https:\/\/www.tucomarca.com\/wordpress\/segunda\/ca\/wp-json\/wp\/v2\/tags?post=176428"}],"curies":[{"name":"wp","href":"https:\/\/api.w.org\/{rel}","templated":true}]}}