{"id":176437,"date":"2023-01-20T13:13:00","date_gmt":"2023-01-20T11:13:00","guid":{"rendered":"https:\/\/www.tucomarca.com\/wordpress\/segunda\/?p=176437"},"modified":"2023-01-20T22:39:43","modified_gmt":"2023-01-20T20:39:43","slug":"lhospital-de-la-ribera-participa-en-una-jornada-internacional-sobre-economia-circular-en-salut","status":"publish","type":"post","link":"https:\/\/www.tucomarca.com\/wordpress\/segunda\/ca\/lhospital-de-la-ribera-participa-en-una-jornada-internacional-sobre-economia-circular-en-salut\/","title":{"rendered":"<strong>L&#8217;Hospital de la Ribera participa en una jornada internacional sobre economia circular en salut<\/strong>"},"content":{"rendered":"\n<h4 class=\"wp-block-heading\">L&#8217;Hospital va participar amb la pon\u00e8ncia sobre el \u201cpoal retornable per a residus sanitaris\u201d que ha suposat ja un estalvi a l&#8217;organitzaci\u00f3 de 185.000 euros<\/h4>\n\n\n\n<h4 class=\"wp-block-heading\">L&#8217;esdeveniment va reunir ahir a Madrid a experts ambientals de tot Espanya i altres pa\u00efsos per a debatre sobre la reducci\u00f3 del pl\u00e0stic als hospitals<\/h4>\n\n\n\n<p>L&#8217;Hospital Universitari de la Ribera va participar ahir com a ponent en la Jornada \u201cEconomia Circular en el Sector Salut\u201d organitzada per Health Care Withour Harm, una organitzaci\u00f3 que reuneix a prop de 200 hospitals de tot Europa en la lluita contra el canvi clim\u00e0tic.<\/p>\n\n\n\n<p>La responsable de medi ambient del Departament de Salut de la Ribera, Teresa Arnau, va participar amb la pon\u00e8ncia, \u201cEl poal torna\u201d, en una jornada que es va celebrar ahir, 19 de gener, en la seu de Sanitas a Madrid i que va reunir una trentena d&#8217;experts ambientals sanitaris.<\/p>\n\n\n\n<p>Arnau va explicar que la implantaci\u00f3 a l&#8217;hospital del poal retornable per a residus biosanitaris ha reportat importants beneficis econ\u00f2mics i ambientals a l&#8217;hospital. Aix\u00ed, esta mesura ha estalviat ja a l&#8217;organitzaci\u00f3 m\u00e9s de 185.000 euros des de la seua implantaci\u00f3.<\/p>\n\n\n\n<p>Aix\u00ed mateix, reporta un menor cost ambiental en minimitzar el consum de pl\u00e0stic del contenidor i la disminuci\u00f3 de la petjada de carboni en emetre&#8217;s menys emissions de CO\u2082.<\/p>\n\n\n\n<p>La jornada va estar centrada en casos d&#8217;\u00e8xit per a la reducci\u00f3 del pl\u00e0stic als hospitals i el seu impacte en la salut. Aix\u00ed, responsables ambientals d&#8217;hospitals de M\u00farcia, Catalunya, Granada o Col\u00f2mbia van exposar les seues experi\u00e8ncies per a utilitzar materials menys contaminants en bugaderia, material quir\u00fargic, botelles d&#8217;aigua, contractaci\u00f3 sostenible o la metodologia per a una auditoria de residus pl\u00e0stics.<\/p>\n\n\n\n<p><\/p>\n","protected":false},"excerpt":{"rendered":"<div class=\"mh-excerpt\">L&#8217;Hospital va participar amb la pon\u00e8ncia sobre el \u201cpoal retornable per a residus sanitaris\u201d que ha suposat ja un estalvi a l&#8217;organitzaci\u00f3 de 185.000 euros L&#8217;esdeveniment va reunir ahir a Madrid a experts ambientals de <a class=\"mh-excerpt-more\" href=\"https:\/\/www.tucomarca.com\/wordpress\/segunda\/ca\/lhospital-de-la-ribera-participa-en-una-jornada-internacional-sobre-economia-circular-en-salut\/\" title=\"L&#8217;Hospital de la Ribera participa en una jornada internacional sobre economia circular en salut\">[+] <\/a><\/div>\n","protected":false},"author":12,"featured_media":176435,"comment_status":"open","ping_status":"open","sticky":false,"template":"","format":"standard","meta":{"footnotes":""},"categories":[10889,11010,10948,10894,10902,10947,10896],"tags":[12491,11356],"class_list":{"0":"post-176437","1":"post","2":"type-post","3":"status-publish","4":"format-standard","5":"has-post-thumbnail","7":"category-alzira-cat","8":"category-canal-salud","9":"category-infraestructuras-ca","10":"category-la-comarca-ca","11":"category-la-ribera-ca","12":"category-politica","13":"category-seccion-ca","14":"tag-hospital-de-la-ribera-ca","15":"tag-ribera-alta-ca"},"_links":{"self":[{"href":"https:\/\/www.tucomarca.com\/wordpress\/segunda\/ca\/wp-json\/wp\/v2\/posts\/176437","targetHints":{"allow":["GET"]}}],"collection":[{"href":"https:\/\/www.tucomarca.com\/wordpress\/segunda\/ca\/wp-json\/wp\/v2\/posts"}],"about":[{"href":"https:\/\/www.tucomarca.com\/wordpress\/segunda\/ca\/wp-json\/wp\/v2\/types\/post"}],"author":[{"embeddable":true,"href":"https:\/\/www.tucomarca.com\/wordpress\/segunda\/ca\/wp-json\/wp\/v2\/users\/12"}],"replies":[{"embeddable":true,"href":"https:\/\/www.tucomarca.com\/wordpress\/segunda\/ca\/wp-json\/wp\/v2\/comments?post=176437"}],"version-history":[{"count":0,"href":"https:\/\/www.tucomarca.com\/wordpress\/segunda\/ca\/wp-json\/wp\/v2\/posts\/176437\/revisions"}],"wp:featuredmedia":[{"embeddable":true,"href":"https:\/\/www.tucomarca.com\/wordpress\/segunda\/ca\/wp-json\/wp\/v2\/media\/176435"}],"wp:attachment":[{"href":"https:\/\/www.tucomarca.com\/wordpress\/segunda\/ca\/wp-json\/wp\/v2\/media?parent=176437"}],"wp:term":[{"taxonomy":"category","embeddable":true,"href":"https:\/\/www.tucomarca.com\/wordpress\/segunda\/ca\/wp-json\/wp\/v2\/categories?post=176437"},{"taxonomy":"post_tag","embeddable":true,"href":"https:\/\/www.tucomarca.com\/wordpress\/segunda\/ca\/wp-json\/wp\/v2\/tags?post=176437"}],"curies":[{"name":"wp","href":"https:\/\/api.w.org\/{rel}","templated":true}]}}