{"id":176521,"date":"2023-01-23T12:12:00","date_gmt":"2023-01-23T10:12:00","guid":{"rendered":"https:\/\/www.tucomarca.com\/wordpress\/segunda\/?p=176521"},"modified":"2023-01-23T16:16:15","modified_gmt":"2023-01-23T14:16:15","slug":"lajuntament-de-turis-comenca-la-construccio-dun-nou-parc","status":"publish","type":"post","link":"https:\/\/www.tucomarca.com\/wordpress\/segunda\/ca\/lajuntament-de-turis-comenca-la-construccio-dun-nou-parc\/","title":{"rendered":"<strong>L\u2019Ajuntament de Tur\u00eds comen\u00e7a la construcci\u00f3 d\u2019un nou parc<\/strong>"},"content":{"rendered":"\n<p>La brigada municipal hi ha comen\u00e7at les tasques de construcci\u00f3 del nou parc que est\u00e0 ubicat al solar entre el conservatori Lola Luj\u00e1n i la futura resid\u00e8ncia i centre de dia.<\/p>\n\n\n\n<p>El complex tindr\u00e0 una superf\u00edcie d\u2019uns 805 m\u00b2, i es delimitar\u00e0 amb un mur de pedra i cercat seguint la l\u00ednia de la resta de parcs i jardins del municipi. Disposar\u00e0 de tres accessos i estar\u00e0 completament adaptat per a persones amb mobilitat redu\u00efda.<\/p>\n\n\n\n<p>L\u2019Alcalde, Eugenio Forta\u00f1a, ho considera \u201cuna actuaci\u00f3 estrat\u00e8gica, ja que, no solament dotarem al poble d\u2019una nova zona verda, sin\u00f3 que millorar\u00e0 l\u2019entorn atenent especialment a la proximitat de la futura resid\u00e8ncia i centre de dia\u201d. El nou parc tamb\u00e9 destacar\u00e0 per una major pres\u00e8ncia de zones enjardinades davant zones \u201cdures\u201d o pavimentades.<\/p>\n\n\n\n<p><\/p>\n","protected":false},"excerpt":{"rendered":"<div class=\"mh-excerpt\">La brigada municipal hi ha comen\u00e7at les tasques de construcci\u00f3 del nou parc que est\u00e0 ubicat al solar entre el conservatori Lola Luj\u00e1n i la futura resid\u00e8ncia i centre de dia. El complex tindr\u00e0 una <a class=\"mh-excerpt-more\" href=\"https:\/\/www.tucomarca.com\/wordpress\/segunda\/ca\/lajuntament-de-turis-comenca-la-construccio-dun-nou-parc\/\" title=\"L\u2019Ajuntament de Tur\u00eds comen\u00e7a la construcci\u00f3 d\u2019un nou parc\">[+] <\/a><\/div>\n","protected":false},"author":12,"featured_media":176520,"comment_status":"open","ping_status":"open","sticky":false,"template":"","format":"standard","meta":{"footnotes":""},"categories":[10898,10948,10894,10902,10947,10896,11047],"tags":[16983,18713,13763,11356],"class_list":{"0":"post-176521","1":"post","2":"type-post","3":"status-publish","4":"format-standard","5":"has-post-thumbnail","7":"category-ventana-ca","8":"category-infraestructuras-ca","9":"category-la-comarca-ca","10":"category-la-ribera-ca","11":"category-politica","12":"category-seccion-ca","13":"category-turis-ca","14":"tag-ajuntament-de-turis-2-ca","15":"tag-nuevo-parque-ca","16":"tag-obras-y-servicios-municipales-ca","17":"tag-ribera-alta-ca"},"_links":{"self":[{"href":"https:\/\/www.tucomarca.com\/wordpress\/segunda\/ca\/wp-json\/wp\/v2\/posts\/176521","targetHints":{"allow":["GET"]}}],"collection":[{"href":"https:\/\/www.tucomarca.com\/wordpress\/segunda\/ca\/wp-json\/wp\/v2\/posts"}],"about":[{"href":"https:\/\/www.tucomarca.com\/wordpress\/segunda\/ca\/wp-json\/wp\/v2\/types\/post"}],"author":[{"embeddable":true,"href":"https:\/\/www.tucomarca.com\/wordpress\/segunda\/ca\/wp-json\/wp\/v2\/users\/12"}],"replies":[{"embeddable":true,"href":"https:\/\/www.tucomarca.com\/wordpress\/segunda\/ca\/wp-json\/wp\/v2\/comments?post=176521"}],"version-history":[{"count":0,"href":"https:\/\/www.tucomarca.com\/wordpress\/segunda\/ca\/wp-json\/wp\/v2\/posts\/176521\/revisions"}],"wp:featuredmedia":[{"embeddable":true,"href":"https:\/\/www.tucomarca.com\/wordpress\/segunda\/ca\/wp-json\/wp\/v2\/media\/176520"}],"wp:attachment":[{"href":"https:\/\/www.tucomarca.com\/wordpress\/segunda\/ca\/wp-json\/wp\/v2\/media?parent=176521"}],"wp:term":[{"taxonomy":"category","embeddable":true,"href":"https:\/\/www.tucomarca.com\/wordpress\/segunda\/ca\/wp-json\/wp\/v2\/categories?post=176521"},{"taxonomy":"post_tag","embeddable":true,"href":"https:\/\/www.tucomarca.com\/wordpress\/segunda\/ca\/wp-json\/wp\/v2\/tags?post=176521"}],"curies":[{"name":"wp","href":"https:\/\/api.w.org\/{rel}","templated":true}]}}