{"id":176831,"date":"2023-01-26T08:50:00","date_gmt":"2023-01-26T06:50:00","guid":{"rendered":"https:\/\/www.tucomarca.com\/wordpress\/segunda\/?p=176831"},"modified":"2023-01-25T22:14:57","modified_gmt":"2023-01-25T20:14:57","slug":"la-regidoria-de-sanitat-de-xest-organitza-un-taller-de-psicologia-per-a-la-regulacio-emocional-i-el-benestar-personal","status":"publish","type":"post","link":"https:\/\/www.tucomarca.com\/wordpress\/segunda\/ca\/la-regidoria-de-sanitat-de-xest-organitza-un-taller-de-psicologia-per-a-la-regulacio-emocional-i-el-benestar-personal\/","title":{"rendered":"La regidoria de Sanitat de Xest organitza un taller de psicologia per a la regulaci\u00f3 emocional i el benestar personal"},"content":{"rendered":"\n<p>El taller va dirigit a persones amb simptomatologia ansiosa i\/o depressiva lleu o moderada. Per a participar hauran de dirigir-se al seu metge de cap\u00e7alera, ja que les incorporacions al taller seran derivades des d&#8217;en Centre de Salut de Xest.<\/p>\n\n\n\n<p>La regidoria de Sanitat ha posat en marxa un taller de psicologia per a la regulaci\u00f3 emocional i el benestar personal que s&#8217;impartir\u00e0 a partir de l&#8217;1 de febrer en el Centre de Salut de Xest.<\/p>\n\n\n\n<p>El taller va dirigit a persones amb simptomatologia ansiosa i\/o depressiva lleu o moderada i estar\u00e0 guiat per dos professionals de la psicologia general sanit\u00e0ria, que atendran dos grups de pacients de 12 persones cadascun, durant 12 sessions d&#8217;una hora i mitja de duraci\u00f3. L&#8217;activitat est\u00e0 organitzada amb l&#8217;objectiu d&#8217;oferir eines i t\u00e8cniques des d&#8217;un enfocament cognitiu-conductual per a fomentar el benestar i la qualitat de vida dels i les pacients, millorar la seua regulaci\u00f3 emocional i disminuir la sobrec\u00e0rrega assistencial relacionada amb problemes de salut mental en els centres d&#8217;atenci\u00f3 prim\u00e0ria.&nbsp;<\/p>\n\n\n\n<p>Les persones interessades a participar hauran de dirigir-se al seu metge de cap\u00e7alera, ja que les incorporacions al taller seran derivades des d&#8217;en Centre de Salut de Xest, atesa una avaluaci\u00f3 que realitzar\u00e0 el propi personal d&#8217;Atenci\u00f3 Prim\u00e0ria utilitzant l&#8217;escala DASS-21 (The Depression-Anxiety-Strees Scale) i a una an\u00e0lisi posterior de cada cas, realitzat per part de l&#8217;equip psicol\u00f2gic que desenvolupar\u00e0 el taller.<\/p>\n\n\n\n<p>\u201cEncara que la salut mental no \u00e9s una compet\u00e8ncia pr\u00f2pia dels Ajuntaments, des de la regidoria de Sanitat considerem important iniciar programes com aquest, que ajuden les persones a identificar i manejar les seues emocions. Aquest taller \u00e9s un programa experimental, pel fet que es realitzar\u00e0 una avaluaci\u00f3 dels resultats que s&#8217;obtinguen, i de car\u00e0cter preventiu, ja que pretenem que funcione com a eina \u00fatil de contenci\u00f3, de manera que les persones que estiguen en una fase inicial de processos ansiosos o depressius aconseguisquen que aquests no arriben a m\u00e9s\u201d, ha declarat la regidora M\u00aa \u00c1ngeles Llorente. \u201cDes de l&#8217;Ajuntament continuarem treballant perqu\u00e8 la Sanitat millore el sistema d&#8217;atenci\u00f3 integral de les persones, incloent tamb\u00e9 la salut mental\u201d.<\/p>\n\n\n\n<p><\/p>\n","protected":false},"excerpt":{"rendered":"<div class=\"mh-excerpt\">El taller va dirigit a persones amb simptomatologia ansiosa i\/o depressiva lleu o moderada. Per a participar hauran de dirigir-se al seu metge de cap\u00e7alera, ja que les incorporacions al taller seran derivades des d&#8217;en <a class=\"mh-excerpt-more\" href=\"https:\/\/www.tucomarca.com\/wordpress\/segunda\/ca\/la-regidoria-de-sanitat-de-xest-organitza-un-taller-de-psicologia-per-a-la-regulacio-emocional-i-el-benestar-personal\/\" title=\"La regidoria de Sanitat de Xest organitza un taller de psicologia per a la regulaci\u00f3 emocional i el benestar personal\">[+] <\/a><\/div>\n","protected":false},"author":12,"featured_media":100963,"comment_status":"open","ping_status":"open","sticky":false,"template":"","format":"standard","meta":{"footnotes":""},"categories":[11010,10948,10894,10912,10947,10896,10974],"tags":[11071,10914,15279],"class_list":{"0":"post-176831","1":"post","2":"type-post","3":"status-publish","4":"format-standard","5":"has-post-thumbnail","7":"category-canal-salud","8":"category-infraestructuras-ca","9":"category-la-comarca-ca","10":"category-la-hoya-ca","11":"category-politica","12":"category-seccion-ca","13":"category-cheste-ca","14":"tag-cheste","15":"tag-la-hoya-de-bunol-chiva-ca","16":"tag-salud-mental-ca"},"_links":{"self":[{"href":"https:\/\/www.tucomarca.com\/wordpress\/segunda\/ca\/wp-json\/wp\/v2\/posts\/176831","targetHints":{"allow":["GET"]}}],"collection":[{"href":"https:\/\/www.tucomarca.com\/wordpress\/segunda\/ca\/wp-json\/wp\/v2\/posts"}],"about":[{"href":"https:\/\/www.tucomarca.com\/wordpress\/segunda\/ca\/wp-json\/wp\/v2\/types\/post"}],"author":[{"embeddable":true,"href":"https:\/\/www.tucomarca.com\/wordpress\/segunda\/ca\/wp-json\/wp\/v2\/users\/12"}],"replies":[{"embeddable":true,"href":"https:\/\/www.tucomarca.com\/wordpress\/segunda\/ca\/wp-json\/wp\/v2\/comments?post=176831"}],"version-history":[{"count":0,"href":"https:\/\/www.tucomarca.com\/wordpress\/segunda\/ca\/wp-json\/wp\/v2\/posts\/176831\/revisions"}],"wp:featuredmedia":[{"embeddable":true,"href":"https:\/\/www.tucomarca.com\/wordpress\/segunda\/ca\/wp-json\/wp\/v2\/media\/100963"}],"wp:attachment":[{"href":"https:\/\/www.tucomarca.com\/wordpress\/segunda\/ca\/wp-json\/wp\/v2\/media?parent=176831"}],"wp:term":[{"taxonomy":"category","embeddable":true,"href":"https:\/\/www.tucomarca.com\/wordpress\/segunda\/ca\/wp-json\/wp\/v2\/categories?post=176831"},{"taxonomy":"post_tag","embeddable":true,"href":"https:\/\/www.tucomarca.com\/wordpress\/segunda\/ca\/wp-json\/wp\/v2\/tags?post=176831"}],"curies":[{"name":"wp","href":"https:\/\/api.w.org\/{rel}","templated":true}]}}