{"id":176853,"date":"2023-01-26T09:00:00","date_gmt":"2023-01-26T07:00:00","guid":{"rendered":"https:\/\/www.tucomarca.com\/wordpress\/segunda\/?p=176853"},"modified":"2023-01-25T22:10:54","modified_gmt":"2023-01-25T20:10:54","slug":"el-dr-salvador-rodriguez-camps-publica-un-llibre-amb-les-seues-tecniques-personals-i-aportacions-a-la-cirurgia-plastica-durant-quatre-decades","status":"publish","type":"post","link":"https:\/\/www.tucomarca.com\/wordpress\/segunda\/ca\/el-dr-salvador-rodriguez-camps-publica-un-llibre-amb-les-seues-tecniques-personals-i-aportacions-a-la-cirurgia-plastica-durant-quatre-decades\/","title":{"rendered":"El Dr. Salvador Rodr\u00edguez-Camps publica un llibre amb les seues t\u00e8cniques personals i aportacions a la cirurgia pl\u00e0stica durant quatre d\u00e8cades"},"content":{"rendered":"\n<figure class=\"wp-block-gallery has-nested-images columns-default is-cropped wp-block-gallery-1 is-layout-flex wp-block-gallery-is-layout-flex\">\n<figure class=\"wp-block-image size-large\"><img loading=\"lazy\" decoding=\"async\" width=\"1000\" height=\"1491\" data-id=\"176335\" src=\"http:\/\/www.tucomarca.com\/wordpress\/segunda\/wp-content\/uploads\/2023\/01\/LibroRCamps1.jpg\" alt=\"\" class=\"wp-image-176335\" srcset=\"https:\/\/www.tucomarca.com\/wordpress\/segunda\/wp-content\/uploads\/2023\/01\/LibroRCamps1.jpg 1000w, https:\/\/www.tucomarca.com\/wordpress\/segunda\/wp-content\/uploads\/2023\/01\/LibroRCamps1-201x300.jpg 201w, https:\/\/www.tucomarca.com\/wordpress\/segunda\/wp-content\/uploads\/2023\/01\/LibroRCamps1-687x1024.jpg 687w, https:\/\/www.tucomarca.com\/wordpress\/segunda\/wp-content\/uploads\/2023\/01\/LibroRCamps1-768x1145.jpg 768w\" sizes=\"auto, (max-width: 1000px) 100vw, 1000px\" \/><\/figure>\n\n\n\n<figure class=\"wp-block-image size-large\"><img loading=\"lazy\" decoding=\"async\" width=\"600\" height=\"895\" data-id=\"176333\" src=\"http:\/\/www.tucomarca.com\/wordpress\/segunda\/wp-content\/uploads\/2023\/01\/LibroRCamps2.jpg\" alt=\"\" class=\"wp-image-176333\" srcset=\"https:\/\/www.tucomarca.com\/wordpress\/segunda\/wp-content\/uploads\/2023\/01\/LibroRCamps2.jpg 600w, https:\/\/www.tucomarca.com\/wordpress\/segunda\/wp-content\/uploads\/2023\/01\/LibroRCamps2-201x300.jpg 201w\" sizes=\"auto, (max-width: 600px) 100vw, 600px\" \/><\/figure>\n<\/figure>\n\n\n\n<p>El doctor Salvador Rodr\u00edguez-Camps acaba de publicar un llibre amb les seues t\u00e8cniques personals i aportacions a la cirurgia pl\u00e0stica durant les \u00faltimes quatre d\u00e8cades.<\/p>\n\n\n\n<p>El cirurgi\u00e0 pl\u00e0stic Salvador Rodr\u00edguez-Camps s&#8217;ha preocupat de difondre \u00e0mpliament aquestes t\u00e8cniques en confer\u00e8ncies, congressos, cursos, llibres, revistes cient\u00edfiques i alguns programes de televisi\u00f3 de contingut m\u00e8dic-quir\u00fargic, com a aportaci\u00f3 a la comunitat cient\u00edfica i amb ampli reconeixement tant a nivell nacional com internacional.&nbsp;<\/p>\n\n\n\n<p>En aquesta obra de 536 p\u00e0gines que acaba de ser editada per Elina Press l&#8217;autor aporta les seues m\u00e9s destacades publicacions corresponents a t\u00e8cniques personals, inclosa la seua tesi doctoral, Excel\u00b7lent Cum laude, durant el per\u00edode compr\u00e9s entre 1980 i 2022.&nbsp;<\/p>\n\n\n\n<p>El doctor Rodr\u00edguez-Camps \u00e9s un prestigi\u00f3s i reconegut cirurgi\u00e0 pl\u00e0stic, a nivell nacional i internacional, pel seu treball, els seus resultats i la seua important contribuci\u00f3 a la comunitat cient\u00edfica.&nbsp;<\/p>\n\n\n\n<p>Salvador Rodr\u00edguez-Camps assegura sentir-se &#8220;un cirurgi\u00e0 pl\u00e0stic &#8216;de taller&#8217; m\u00e9s prop de l&#8217;art que de la ci\u00e8ncia; un artes\u00e0 creatiu que intenta introduir nous aspectes personals en les t\u00e8cniques quir\u00fargiques. Maneig millor els llapis de colors que el CorelDraw o el Photoshop. Admire als grans mestre perqu\u00e8 s\u00f3n ells els que de manera f\u00e0cil i espont\u00e0nia s&#8217;interessen per transmetre la seua saviesa als altres\u201d.<\/p>\n\n\n\n<p>&#8220;Busque la perfecci\u00f3 en el meu treball perqu\u00e8 aquesta \u00e9s l&#8217;\u00fanica manera de quedar-nos en els l\u00edmits de l&#8217;humanament raonable. El m\u00e9s satisfactori del meu curr\u00edculum \u00e9s el treball diari i els resultats, l&#8217;afecte dels meus pacients i el respecte dels meus col\u00b7legues&#8221;, tal com destaca Salvador Rodr\u00edguez-Camps.<\/p>\n\n\n\n<p>El bunyolense Salvador Rodr\u00edguez-Camps Devis \u00e9s un dels cirurgians pl\u00e0stics m\u00e9s reconeguts tant a Espanya com a nivell internacional. Hui dia, exerceix com a Cap de la Unitat de Cirurgia Pl\u00e0stica i Est\u00e8tica de l&#8217;Hospital Universitari Casa de la Salut de Val\u00e8ncia, dedicaci\u00f3 que comparteix amb el seu c\u00e0rrec com a membre numerari de la Societat Espanyola de Cirurgia Pl\u00e0stica, Reparadora i Est\u00e8tica (SECPRE)<\/p>\n\n\n\n<p>A m\u00e9s, \u00e9s integrant titular de la Federaci\u00f3 Iber-Llatinoamericana de Cirurgia Pl\u00e0stica (FILACP), membre actiu de la International Society of Aesthetic Plastic Surgery (ISAPS), de la Junta Directiva de la Societat de Cirurgia Pl\u00e0stica, Reconstructiva i Est\u00e8tica de la Comunitat Valenciana (SCPRECV), membre actiu de la Nova York Academy of Sciences (NYAS) i numerari de la European Society of Aesthetic and Plastic Surgery (EURAPS), entre molts altres c\u00e0rrecs d&#8217;elevada responsabilitat.<\/p>\n\n\n\n<p><\/p>\n\n\n\n<p><\/p>\n\n\n\n<p><\/p>\n\n\n\n<p><\/p>\n\n\n\n<p><\/p>\n\n\n\n<p><\/p>\n\n\n\n<p><\/p>\n","protected":false},"excerpt":{"rendered":"<div class=\"mh-excerpt\">El doctor Salvador Rodr\u00edguez-Camps acaba de publicar un llibre amb les seues t\u00e8cniques personals i aportacions a la cirurgia pl\u00e0stica durant les \u00faltimes quatre d\u00e8cades. El cirurgi\u00e0 pl\u00e0stic Salvador Rodr\u00edguez-Camps s&#8217;ha preocupat de difondre \u00e0mpliament <a class=\"mh-excerpt-more\" href=\"https:\/\/www.tucomarca.com\/wordpress\/segunda\/ca\/el-dr-salvador-rodriguez-camps-publica-un-llibre-amb-les-seues-tecniques-personals-i-aportacions-a-la-cirurgia-plastica-durant-quatre-decades\/\" title=\"El Dr. Salvador Rodr\u00edguez-Camps publica un llibre amb les seues t\u00e8cniques personals i aportacions a la cirurgia pl\u00e0stica durant quatre d\u00e8cades\">[+] <\/a><\/div>\n","protected":false},"author":12,"featured_media":176340,"comment_status":"open","ping_status":"open","sticky":false,"template":"","format":"gallery","meta":{"footnotes":""},"categories":[10911,11010,10894,10904,10912,11007,10896],"tags":[10913,18741,10914,18742],"class_list":{"0":"post-176853","1":"post","2":"type-post","3":"status-publish","4":"format-gallery","5":"has-post-thumbnail","7":"category-bunol-ca","8":"category-canal-salud","9":"category-la-comarca-ca","10":"category-sin-categorizar-ca","11":"category-la-hoya-ca","12":"category-ocio-y-cultura-ca","13":"category-seccion-ca","14":"tag-bunol-ca","15":"tag-cirugia-plastica-ca","16":"tag-la-hoya-de-bunol-chiva-ca","17":"tag-salvador-rodriguez-camps-2-ca","18":"post_format-post-format-gallery"},"_links":{"self":[{"href":"https:\/\/www.tucomarca.com\/wordpress\/segunda\/ca\/wp-json\/wp\/v2\/posts\/176853","targetHints":{"allow":["GET"]}}],"collection":[{"href":"https:\/\/www.tucomarca.com\/wordpress\/segunda\/ca\/wp-json\/wp\/v2\/posts"}],"about":[{"href":"https:\/\/www.tucomarca.com\/wordpress\/segunda\/ca\/wp-json\/wp\/v2\/types\/post"}],"author":[{"embeddable":true,"href":"https:\/\/www.tucomarca.com\/wordpress\/segunda\/ca\/wp-json\/wp\/v2\/users\/12"}],"replies":[{"embeddable":true,"href":"https:\/\/www.tucomarca.com\/wordpress\/segunda\/ca\/wp-json\/wp\/v2\/comments?post=176853"}],"version-history":[{"count":0,"href":"https:\/\/www.tucomarca.com\/wordpress\/segunda\/ca\/wp-json\/wp\/v2\/posts\/176853\/revisions"}],"wp:featuredmedia":[{"embeddable":true,"href":"https:\/\/www.tucomarca.com\/wordpress\/segunda\/ca\/wp-json\/wp\/v2\/media\/176340"}],"wp:attachment":[{"href":"https:\/\/www.tucomarca.com\/wordpress\/segunda\/ca\/wp-json\/wp\/v2\/media?parent=176853"}],"wp:term":[{"taxonomy":"category","embeddable":true,"href":"https:\/\/www.tucomarca.com\/wordpress\/segunda\/ca\/wp-json\/wp\/v2\/categories?post=176853"},{"taxonomy":"post_tag","embeddable":true,"href":"https:\/\/www.tucomarca.com\/wordpress\/segunda\/ca\/wp-json\/wp\/v2\/tags?post=176853"}],"curies":[{"name":"wp","href":"https:\/\/api.w.org\/{rel}","templated":true}]}}