{"id":176862,"date":"2023-01-26T10:00:00","date_gmt":"2023-01-26T08:00:00","guid":{"rendered":"https:\/\/www.tucomarca.com\/wordpress\/segunda\/?p=176862"},"modified":"2023-01-26T11:57:12","modified_gmt":"2023-01-26T09:57:12","slug":"la-familia-del-utielano-juan-alcocer-recull-mes-de-68-000-signatures-per-a-endurir-les-penes-a-conductors-embriacs-o-drogats","status":"publish","type":"post","link":"https:\/\/www.tucomarca.com\/wordpress\/segunda\/ca\/la-familia-del-utielano-juan-alcocer-recull-mes-de-68-000-signatures-per-a-endurir-les-penes-a-conductors-embriacs-o-drogats\/","title":{"rendered":"La fam\u00edlia del utielano Juan Alcocer recull m\u00e9s de 68.000 signatures&nbsp;per a endurir les penes a conductors embriacs o drogats"},"content":{"rendered":"\n<h4 class=\"wp-block-heading\">La petici\u00f3 \u201cJust\u00edcia per a Juan Alcocer\u201d Aconsegueix m\u00e9s de 68.000 signatures en tres mesos. Falten 6.589 per a aconseguir 75.000. Arribaria al Congr\u00e9s i es convertiria en una de les m\u00e9s signades en Change.org.<\/h4>\n\n\n\n<h4 class=\"wp-block-heading\">\u00c9s necessari que aquests delictes no queden impunes perqu\u00e8 amb penes inferiors a 2 anys de pres\u00f3, sin\u00f3 t\u00e9 antecedents penals, no complir\u00e0 la pena, afirma Reme Alcocer.<\/h4>\n\n\n\n<p>Hui dijous, 26 de gener, es compleix un any de l&#8217;atropellament mortal a Juan Alcocer per un conductor embriac i drogat a Utiel, un any des que Reme Alcocer Cano va perdre al seu pare. El 26 de gener de 2022 ser\u00e0 una data que aquesta fam\u00edlia d&#8217;Utiel, mai podr\u00e0 oblidar.&nbsp;<\/p>\n\n\n\n<p>Juan Alcocer tornava a casa despr\u00e9s del seu passeig diari. Li quedaven tan sols uns passos per a arribar a la seua llar. El que no sabia \u00e9s que, en creuar l&#8217;\u00faltim pas de zebra, la seua vida estaria a punt d&#8217;acabar. No va ser la seua decisi\u00f3, va ser la d&#8217;un individu que aqueix mateix dia va agafar el cotxe quasi quadruplicant la taxa d&#8217;alcohol en sang (0,95 mg\/l) i, a m\u00e9s, havent consumit coca\u00efna i c\u00e0nnabis. \u201cEl vehicle va atropellar al nostre pare sense pietat, i a gran velocitat, despla\u00e7ant-lo diversos metres i causant-li ferides molt greus, les que, despr\u00e9s de tres dies de sofriment en l&#8217;UCI, van posar fi a la seua vida\u201d, apunta Mei Alcocer en Change.org.&nbsp;<\/p>\n\n\n\n<p>\u201cEl causant de tot aquest dolor, que no va ser detingut en el moment del sinistre, continua circulant pels carrers, vivint una vida despr\u00e9s d&#8217;arrabassar una altra, deixant al nostre pare sota terra. \u00c9s aix\u00f2 just?\u201d, assenyala Reme Alcocer en Change.org, qui fa 3 mesos va obrir en aquesta plataforma la petici\u00f3 \u201cJust\u00edcia per a Juan Alcocer\u201d dirigida al Ministeri de Just\u00edcia, i a la ministra Pilar Llop, per a la modificaci\u00f3 del Codi Penal.&nbsp;<\/p>\n\n\n\n<p>\u201c\u00c9s necessari que aquests delictes no queden impunes perqu\u00e8 amb penes inferiors a 2 anys de pres\u00f3, sin\u00f3 t\u00e9 antecedents penals, no complir\u00e0 la pena. Demanem la modificaci\u00f3 del Codi Penal, pel qual els delictes comesos pels qui condueixen d&#8217;una forma imprudent greu o sota els efectes de l&#8217;alcohol i\/o substancies estupefaents, provocant una defunci\u00f3 o unes lesions i seq\u00fceles, tinguen un tractament legislatiu i unes penes inferiors com a m\u00ednim de tres anys de pres\u00f3, incrementant igualment la pena superior de pres\u00f3 a 8 anys\u201d, argumenta la petici\u00f3 en Change.org.<\/p>\n\n\n\n<p>Casos com aquests passen di\u00e0riament. \u201cTots ells tenien dret a viure. Ja no puguem fer res per recuperar-ho, per\u00f2 tampoc hem de quedar-nos parats. No permetrem que aquest tipus d&#8217;injust\u00edcies continuen passant. Pel nostre pare Juan i per totes les v\u00edctimes com ell, demanem just\u00edcia i que la seua petici\u00f3 arribe al Congr\u00e9s\u201d, apunta la fam\u00edlia en la plataforma.&nbsp;<\/p>\n\n\n\n<p>Amb 75.000 signatures, aquesta petici\u00f3 arribaria al Congr\u00e9s i es convertiria en una de les m\u00e9s signades en Change.org. Actualment ja han signat 68.411 persones. Actualment, s&#8217;est\u00e0 pendent de judici.&nbsp;<\/p>\n\n\n\n<p><\/p>\n","protected":false},"excerpt":{"rendered":"<div class=\"mh-excerpt\">La petici\u00f3 \u201cJust\u00edcia per a Juan Alcocer\u201d Aconsegueix m\u00e9s de 68.000 signatures en tres mesos. Falten 6.589 per a aconseguir 75.000. Arribaria al Congr\u00e9s i es convertiria en una de les m\u00e9s signades en Change.org. <a class=\"mh-excerpt-more\" href=\"https:\/\/www.tucomarca.com\/wordpress\/segunda\/ca\/la-familia-del-utielano-juan-alcocer-recull-mes-de-68-000-signatures-per-a-endurir-les-penes-a-conductors-embriacs-o-drogats\/\" title=\"La fam\u00edlia del utielano Juan Alcocer recull m\u00e9s de 68.000 signatures&nbsp;per a endurir les penes a conductors embriacs o drogats\">[+] <\/a><\/div>\n","protected":false},"author":12,"featured_media":176861,"comment_status":"open","ping_status":"open","sticky":false,"template":"","format":"standard","meta":{"footnotes":""},"categories":[10898,10894,10904,10947,10909,10896,10897,11059],"tags":[18745,18746,18747,10910,11174],"class_list":{"0":"post-176862","1":"post","2":"type-post","3":"status-publish","4":"format-standard","5":"has-post-thumbnail","7":"category-ventana-ca","8":"category-la-comarca-ca","9":"category-sin-categorizar-ca","10":"category-politica","11":"category-requena-utiel-ca","12":"category-seccion-ca","13":"category-sucesos-la-comarca-ca","14":"category-utiel-ca","15":"tag-atropello-ca","16":"tag-change-org-ca","17":"tag-justicia-para-juan-alcocer-ca","18":"tag-requena-utiel-ca","19":"tag-utiel-ca"},"_links":{"self":[{"href":"https:\/\/www.tucomarca.com\/wordpress\/segunda\/ca\/wp-json\/wp\/v2\/posts\/176862","targetHints":{"allow":["GET"]}}],"collection":[{"href":"https:\/\/www.tucomarca.com\/wordpress\/segunda\/ca\/wp-json\/wp\/v2\/posts"}],"about":[{"href":"https:\/\/www.tucomarca.com\/wordpress\/segunda\/ca\/wp-json\/wp\/v2\/types\/post"}],"author":[{"embeddable":true,"href":"https:\/\/www.tucomarca.com\/wordpress\/segunda\/ca\/wp-json\/wp\/v2\/users\/12"}],"replies":[{"embeddable":true,"href":"https:\/\/www.tucomarca.com\/wordpress\/segunda\/ca\/wp-json\/wp\/v2\/comments?post=176862"}],"version-history":[{"count":0,"href":"https:\/\/www.tucomarca.com\/wordpress\/segunda\/ca\/wp-json\/wp\/v2\/posts\/176862\/revisions"}],"wp:featuredmedia":[{"embeddable":true,"href":"https:\/\/www.tucomarca.com\/wordpress\/segunda\/ca\/wp-json\/wp\/v2\/media\/176861"}],"wp:attachment":[{"href":"https:\/\/www.tucomarca.com\/wordpress\/segunda\/ca\/wp-json\/wp\/v2\/media?parent=176862"}],"wp:term":[{"taxonomy":"category","embeddable":true,"href":"https:\/\/www.tucomarca.com\/wordpress\/segunda\/ca\/wp-json\/wp\/v2\/categories?post=176862"},{"taxonomy":"post_tag","embeddable":true,"href":"https:\/\/www.tucomarca.com\/wordpress\/segunda\/ca\/wp-json\/wp\/v2\/tags?post=176862"}],"curies":[{"name":"wp","href":"https:\/\/api.w.org\/{rel}","templated":true}]}}