{"id":176882,"date":"2023-01-26T09:09:00","date_gmt":"2023-01-26T07:09:00","guid":{"rendered":"https:\/\/www.tucomarca.com\/wordpress\/segunda\/?p=176882"},"modified":"2023-01-26T21:08:13","modified_gmt":"2023-01-26T19:08:13","slug":"el-pp-de-leliana-sollicita-espais-esportius-publics-per-als-joves","status":"publish","type":"post","link":"https:\/\/www.tucomarca.com\/wordpress\/segunda\/ca\/el-pp-de-leliana-sollicita-espais-esportius-publics-per-als-joves\/","title":{"rendered":"El PP de l&#8217;Eliana sol\u00b7licita\u00a0 espais esportius p\u00fablics per als joves"},"content":{"rendered":"\n<p><strong>Les instal\u00b7lacions no estan disponibles per al p\u00fablic en general<\/strong><\/p>\n\n\n\n<p>El Grup Popular Municipal de l&#8217;Ajuntament de l&#8217;Eliana, ha proposat, ateses les peticions de diversos ve\u00efns de l&#8217;Eliana, que els xiquets i joves de l&#8217;Eliana puguen disposar i gaudir de manera gratu\u00efta de les instal\u00b7lacions esportives municipals quan aquestes queden lliures, fora de l&#8217;horari d&#8217;entrenament de les diferents modalitats esportives, recordem que en aquests moments es troben tancades al p\u00fablic en general.<\/p>\n\n\n\n<p>Per a Mar\u00eda Jos\u00e9 Marco, Portaveu dels Populars, un dels aspectes fonamentals per a desenvolupar una vida ordenada i saludable, \u00e9s la pr\u00e0ctica de l&#8217;esport. \u201cA l&#8217;Eliana, sempre hem presumit dels espais esportius dels quals disposem que s\u00f3n diversos, per la qual cosa hem de facilitar el seu \u00fas i gaudi als nostres ve\u00efns en la mesura que siga possible. Amb aquesta mesura, fomentem la pr\u00e0ctica de l&#8217;esport entre els nostres joves, transmetent valors tan importants com el respecte, la toler\u00e0ncia, la companyonia i la conviv\u00e8ncia entre ells.&nbsp;<\/p>\n\n\n\n<p>A l&#8217;Eliana, s\u00f3n molts els joves que practiquen diferents disciplines esportives com el futbol, futbol sala, tennis, b\u00e0squet, etc\u2026 I fora dels horaris d&#8217;entrenament, han de buscar espais p\u00fablics esportius en les poblacions ve\u00efnes a la recerca d&#8217;aquesta opci\u00f3 per a poder gaudir del seu temps lliure com m\u00e9s els agrada, practicant esport.&nbsp;<\/p>\n\n\n\n<p>Aquesta proposta formulada pel Grup Popular de l&#8217;Eliana, donaria resposta a les necessitats de la poblaci\u00f3 infantil i juvenil del nostre municipi. Mar\u00eda Jos\u00e9 Marco espera que &#8220;es duga a terme al m\u00e9s prompte possible&#8221;.<\/p>\n","protected":false},"excerpt":{"rendered":"<div class=\"mh-excerpt\">Les instal\u00b7lacions no estan disponibles per al p\u00fablic en general El Grup Popular Municipal de l&#8217;Ajuntament de l&#8217;Eliana, ha proposat, ateses les peticions de diversos ve\u00efns de l&#8217;Eliana, que els xiquets i joves de l&#8217;Eliana <a class=\"mh-excerpt-more\" href=\"https:\/\/www.tucomarca.com\/wordpress\/segunda\/ca\/el-pp-de-leliana-sollicita-espais-esportius-publics-per-als-joves\/\" title=\"El PP de l&#8217;Eliana sol\u00b7licita\u00a0 espais esportius p\u00fablics per als joves\">[+] <\/a><\/div>\n","protected":false},"author":12,"featured_media":176880,"comment_status":"open","ping_status":"open","sticky":false,"template":"","format":"standard","meta":{"footnotes":""},"categories":[10892,10948,10894,10893,10947,10896],"tags":[10395,10433,32],"class_list":{"0":"post-176882","1":"post","2":"type-post","3":"status-publish","4":"format-standard","5":"has-post-thumbnail","7":"category-camp-de-turia-ca","8":"category-infraestructuras-ca","9":"category-la-comarca-ca","10":"category-leliana-ca","11":"category-politica","12":"category-seccion-ca","13":"tag-camp-de-turia","14":"tag-leliana","15":"tag-politica"},"_links":{"self":[{"href":"https:\/\/www.tucomarca.com\/wordpress\/segunda\/ca\/wp-json\/wp\/v2\/posts\/176882","targetHints":{"allow":["GET"]}}],"collection":[{"href":"https:\/\/www.tucomarca.com\/wordpress\/segunda\/ca\/wp-json\/wp\/v2\/posts"}],"about":[{"href":"https:\/\/www.tucomarca.com\/wordpress\/segunda\/ca\/wp-json\/wp\/v2\/types\/post"}],"author":[{"embeddable":true,"href":"https:\/\/www.tucomarca.com\/wordpress\/segunda\/ca\/wp-json\/wp\/v2\/users\/12"}],"replies":[{"embeddable":true,"href":"https:\/\/www.tucomarca.com\/wordpress\/segunda\/ca\/wp-json\/wp\/v2\/comments?post=176882"}],"version-history":[{"count":0,"href":"https:\/\/www.tucomarca.com\/wordpress\/segunda\/ca\/wp-json\/wp\/v2\/posts\/176882\/revisions"}],"wp:featuredmedia":[{"embeddable":true,"href":"https:\/\/www.tucomarca.com\/wordpress\/segunda\/ca\/wp-json\/wp\/v2\/media\/176880"}],"wp:attachment":[{"href":"https:\/\/www.tucomarca.com\/wordpress\/segunda\/ca\/wp-json\/wp\/v2\/media?parent=176882"}],"wp:term":[{"taxonomy":"category","embeddable":true,"href":"https:\/\/www.tucomarca.com\/wordpress\/segunda\/ca\/wp-json\/wp\/v2\/categories?post=176882"},{"taxonomy":"post_tag","embeddable":true,"href":"https:\/\/www.tucomarca.com\/wordpress\/segunda\/ca\/wp-json\/wp\/v2\/tags?post=176882"}],"curies":[{"name":"wp","href":"https:\/\/api.w.org\/{rel}","templated":true}]}}