{"id":176888,"date":"2023-01-26T10:00:00","date_gmt":"2023-01-26T08:00:00","guid":{"rendered":"https:\/\/www.tucomarca.com\/wordpress\/segunda\/?p=176888"},"modified":"2023-01-26T21:02:22","modified_gmt":"2023-01-26T19:02:22","slug":"la-pobla-de-vallbona-plantara-51-arbres-de-tipus-alzina-per-a-compensar-els-637-965-quilos-de-dioxid-de-carboni-que-suposaran-les-obres-de-millora-en-la-ciutat-esportiva","status":"publish","type":"post","link":"https:\/\/www.tucomarca.com\/wordpress\/segunda\/ca\/la-pobla-de-vallbona-plantara-51-arbres-de-tipus-alzina-per-a-compensar-els-637-965-quilos-de-dioxid-de-carboni-que-suposaran-les-obres-de-millora-en-la-ciutat-esportiva\/","title":{"rendered":"La Pobla de Vallbona plantar\u00e0 51 arbres de tipus alzina per a compensar els 637.965 quilos de di\u00f2xid de carboni que suposaran les obres de millora en la Ciutat Esportiva"},"content":{"rendered":"\n<p><strong>L&#8217;execuci\u00f3 del projecte suposa una inversi\u00f3 de 978.937 euros<\/strong><\/p>\n\n\n\n<p>L&#8217;Ajuntament de la Pobla de Vallbona aplicar\u00e0 par\u00e0metres ambientals en l&#8217;execuci\u00f3 del projecte de les obres de construcci\u00f3 de les pistes poliesportives cobertes en l&#8217;actual Ciutat Esportiva de la localitat. D&#8217;aquesta manera, es plantaran fins a un total de 51 arbres, de l&#8217;esp\u00e8cie alzina, al llarg dels pr\u00f2xims mesos per a compensar les emissions de di\u00f2xid de carboni (CO\u2082) que es generaran en tot el proc\u00e9s, tant en el proc\u00e9s de construcci\u00f3 de les citades obres s\u00ed com dels materials que s&#8217;empraran per a dur-lo a terme.&nbsp;<\/p>\n\n\n\n<p>El plec de condicions preveu que el consum de CO\u2082 de l&#8217;edifici de nova construcci\u00f3, aix\u00ed com els materials que s&#8217;utilitzaran en el mateix suposen un total de 637.965 quilos, desglossats en 28.070 quilos en el proc\u00e9s de construcci\u00f3, m\u00e9s altres 609.875 quilos en els materials emprats. El projecte esmicola el proc\u00e9s que se seguir\u00e0 per a compensar aquestes emissions de di\u00f2xid de carboni a l&#8217;atmosfera, de manera que l&#8217;Ajuntament de la Pobla de Vallbona obligar\u00e0 a compensar amb mesures concretes la petjada de carboni en les obres previstes.&nbsp;<\/p>\n\n\n\n<p>D&#8217;aquesta manera, es plantaran fins a un total de 51 arbres de l&#8217;esp\u00e8cie Querqus ilex (alzina), amb un calibre d&#8217;entre 12 i 16 cent\u00edmetres en la base del tronc i amb una altura m\u00ednima de 2\u201950 metres, tal com consta en el plec de condicions elaborat per a l&#8217;enc\u00e0rrec i execuci\u00f3 del projecte. La ubicaci\u00f3 de la plantaci\u00f3 es consensuar\u00e0 amb els t\u00e8cnics municipals responsables de la supervisi\u00f3 del contracte. El subministrament, plantaci\u00f3 i primer reg seran a c\u00e0rrec de l&#8217;empresa constructora adjudicat\u00e0ria de les obres, tot sota la supervisi\u00f3 de l&#8217;empresa que, actualment, t\u00e9 encarregades les labors de jardineria a l&#8217;Ajuntament de la Pobla de Vallbona.&nbsp;<\/p>\n\n\n\n<p>Les obres previstes en la Ciutat Esportiva ocupen una superf\u00edcie constru\u00efdes de 2.075 metres quadrats i suposen un pressupost d&#8217;execuci\u00f3 de 679.865 euros en total i una duraci\u00f3 de 6 mesos com a m\u00e0xim per a dur a terme les obres de millora en la Ciutat Esportiva municipal de la Pobla de Vallbona. Les obres permetran crear nous espais per a donar cabuda a les actuals necessitats enfocades a la pr\u00e0ctica esportiva com el futbol sala, b\u00e0squet, patinatge o gimn\u00e0stica r\u00edtmica, de tal forma que es puguen alliberar \u00fas de l&#8217;actual pavell\u00f3 esportiu.&nbsp;<\/p>\n\n\n\n<p>El plec de condicions cont\u00e9 els criteris objectius redactats i amb un m\u00e0xim de 100 punts en total, basat en els costos econ\u00f2mics per a la seua construcci\u00f3 el criteri de la qual es tradueix en 10 punts en funci\u00f3 de l&#8217;oferta presentada per cada empresa que opte al projecte i altres 90 punts com a m\u00e0xim en les millores t\u00e8cniques, basades en la millor de la percepci\u00f3 visual en l&#8217;acc\u00e9s a l&#8217;edifici, la col\u00b7locaci\u00f3 de la llumin\u00e0ries encastades en el s\u00f2l, en les cares sud i oest, de manera que s&#8217;il\u00b7lumine el cam\u00ed d&#8217;acc\u00e9s des del carrer Reis Cat\u00f2lics i el costat longitudinal de transici\u00f3.&nbsp;<\/p>\n\n\n\n<p>Altres millores que es tindran en compte a l&#8217;hora de l&#8217;adjudicaci\u00f3 s\u00f3n l&#8217;efici\u00e8ncia energ\u00e8tica de l&#8217;edificaci\u00f3, amb un solar fotovoltaic d&#8217;autoconsum, una millora de la funcionalitat i confort d&#8217;\u00fas de l&#8217;edificaci\u00f3, amb dos comptadors electr\u00f2nics de punts i temps de joc, augment de la superf\u00edcie de pell de fa\u00e7ana o la millora de la funcionalitat i el confort d&#8217;\u00fas de l&#8217;edificaci\u00f3, amb subministrament i instal\u00b7laci\u00f3 de graderies prefabricades en els laterals nord i est.&nbsp;<\/p>\n\n\n\n<p>La candidata del PSPV-PSOE a l&#8217;alcaldia de la Pobla de Vallbona, Noem\u00ed Morales, ha recalcat \u201cel comprom\u00eds de l&#8217;actual equip de govern del qual forma part el grup socialista per lluitar contra el canvi clim\u00e0tic a trav\u00e9s de mesures concretes que alleugen la petjada de carboni, tant en el material que s&#8217;utilitzar\u00e0 en les obres com en la pr\u00f2pia execuci\u00f3 d&#8217;aquestes, per aix\u00f2, \u00e9s molt important continuar en aquesta l\u00ednia d&#8217;implantar pol\u00edtiques basades en la sostenibilitat i el respecte cap al nostre medi ambient com a f\u00f3rmules essencials per a conformar un entorn m\u00e9s saludable\u201d.<\/p>\n","protected":false},"excerpt":{"rendered":"<div class=\"mh-excerpt\">L&#8217;execuci\u00f3 del projecte suposa una inversi\u00f3 de 978.937 euros L&#8217;Ajuntament de la Pobla de Vallbona aplicar\u00e0 par\u00e0metres ambientals en l&#8217;execuci\u00f3 del projecte de les obres de construcci\u00f3 de les pistes poliesportives cobertes en l&#8217;actual Ciutat <a class=\"mh-excerpt-more\" href=\"https:\/\/www.tucomarca.com\/wordpress\/segunda\/ca\/la-pobla-de-vallbona-plantara-51-arbres-de-tipus-alzina-per-a-compensar-els-637-965-quilos-de-dioxid-de-carboni-que-suposaran-les-obres-de-millora-en-la-ciutat-esportiva\/\" title=\"La Pobla de Vallbona plantar\u00e0 51 arbres de tipus alzina per a compensar els 637.965 quilos de di\u00f2xid de carboni que suposaran les obres de millora en la Ciutat Esportiva\">[+] <\/a><\/div>\n","protected":false},"author":12,"featured_media":176886,"comment_status":"open","ping_status":"open","sticky":false,"template":"","format":"standard","meta":{"footnotes":""},"categories":[10892,10948,10894,10915,10903,10947,10896],"tags":[10899,10949,10916],"class_list":{"0":"post-176888","1":"post","2":"type-post","3":"status-publish","4":"format-standard","5":"has-post-thumbnail","7":"category-camp-de-turia-ca","8":"category-infraestructuras-ca","9":"category-la-comarca-ca","10":"category-la-pobla-ca","11":"category-medio-ambiente-la-comarca-ca","12":"category-politica","13":"category-seccion-ca","14":"tag-camp-de-turia-ca","15":"tag-la-pobla-ca","16":"tag-la-pobla-de-vallbona-ca"},"_links":{"self":[{"href":"https:\/\/www.tucomarca.com\/wordpress\/segunda\/ca\/wp-json\/wp\/v2\/posts\/176888","targetHints":{"allow":["GET"]}}],"collection":[{"href":"https:\/\/www.tucomarca.com\/wordpress\/segunda\/ca\/wp-json\/wp\/v2\/posts"}],"about":[{"href":"https:\/\/www.tucomarca.com\/wordpress\/segunda\/ca\/wp-json\/wp\/v2\/types\/post"}],"author":[{"embeddable":true,"href":"https:\/\/www.tucomarca.com\/wordpress\/segunda\/ca\/wp-json\/wp\/v2\/users\/12"}],"replies":[{"embeddable":true,"href":"https:\/\/www.tucomarca.com\/wordpress\/segunda\/ca\/wp-json\/wp\/v2\/comments?post=176888"}],"version-history":[{"count":0,"href":"https:\/\/www.tucomarca.com\/wordpress\/segunda\/ca\/wp-json\/wp\/v2\/posts\/176888\/revisions"}],"wp:featuredmedia":[{"embeddable":true,"href":"https:\/\/www.tucomarca.com\/wordpress\/segunda\/ca\/wp-json\/wp\/v2\/media\/176886"}],"wp:attachment":[{"href":"https:\/\/www.tucomarca.com\/wordpress\/segunda\/ca\/wp-json\/wp\/v2\/media?parent=176888"}],"wp:term":[{"taxonomy":"category","embeddable":true,"href":"https:\/\/www.tucomarca.com\/wordpress\/segunda\/ca\/wp-json\/wp\/v2\/categories?post=176888"},{"taxonomy":"post_tag","embeddable":true,"href":"https:\/\/www.tucomarca.com\/wordpress\/segunda\/ca\/wp-json\/wp\/v2\/tags?post=176888"}],"curies":[{"name":"wp","href":"https:\/\/api.w.org\/{rel}","templated":true}]}}