{"id":176903,"date":"2023-01-27T09:00:00","date_gmt":"2023-01-27T07:00:00","guid":{"rendered":"https:\/\/www.tucomarca.com\/wordpress\/segunda\/?p=176903"},"modified":"2023-01-27T15:30:08","modified_gmt":"2023-01-27T13:30:08","slug":"el-teatre-montecarlo-acull-aquest-dissabte-la-gala-del-50-aniversari-de-la-falla-nou-bunyol","status":"publish","type":"post","link":"https:\/\/www.tucomarca.com\/wordpress\/segunda\/ca\/el-teatre-montecarlo-acull-aquest-dissabte-la-gala-del-50-aniversari-de-la-falla-nou-bunyol\/","title":{"rendered":"El teatre Montecarlo acull aquest dissabte la gala del 50 aniversari de la Falla Nou Bunyol"},"content":{"rendered":"\n<p>Aquest dissabte, 28 de gener, a les 18,00 h, la comissi\u00f3 Nou Bunyol celebra la Gal\u00b7la Homenatge que commemora el seu 50 aniversari.<\/p>\n\n\n\n<p>En aquesta gala s&#8217;homenatjar\u00e0 i recordar\u00e0 a totes les que han sigut Falleres Majors, Reines del Foc, presidents, aix\u00ed com a totes i tots els membres de la comissi\u00f3 en els seus 50 anys d&#8217;hist\u00f2ria.<\/p>\n\n\n\n<p>L&#8217;acte comptar\u00e0 com a mantenidor de l&#8217;acte amb el periodista, escriptor i presentador de televisi\u00f3, M\u00e0xim Horta.<\/p>\n\n\n\n<p><\/p>\n","protected":false},"excerpt":{"rendered":"<div class=\"mh-excerpt\">Aquest dissabte, 28 de gener, a les 18,00 h, la comissi\u00f3 Nou Bunyol celebra la Gal\u00b7la Homenatge que commemora el seu 50 aniversari. En aquesta gala s&#8217;homenatjar\u00e0 i recordar\u00e0 a totes les que han sigut <a class=\"mh-excerpt-more\" href=\"https:\/\/www.tucomarca.com\/wordpress\/segunda\/ca\/el-teatre-montecarlo-acull-aquest-dissabte-la-gala-del-50-aniversari-de-la-falla-nou-bunyol\/\" title=\"El teatre Montecarlo acull aquest dissabte la gala del 50 aniversari de la Falla Nou Bunyol\">[+] <\/a><\/div>\n","protected":false},"author":12,"featured_media":176901,"comment_status":"open","ping_status":"open","sticky":false,"template":"","format":"standard","meta":{"footnotes":""},"categories":[11019,10911,10894,10912,10896],"tags":[14612,10913,11743,10914],"class_list":{"0":"post-176903","1":"post","2":"type-post","3":"status-publish","4":"format-standard","5":"has-post-thumbnail","7":"category-agenda-ca","8":"category-bunol-ca","9":"category-la-comarca-ca","10":"category-la-hoya-ca","11":"category-seccion-ca","12":"tag-50-aniversario-ca","13":"tag-bunol-ca","14":"tag-falla-nuevo-bunol-ca","15":"tag-la-hoya-de-bunol-chiva-ca"},"_links":{"self":[{"href":"https:\/\/www.tucomarca.com\/wordpress\/segunda\/ca\/wp-json\/wp\/v2\/posts\/176903","targetHints":{"allow":["GET"]}}],"collection":[{"href":"https:\/\/www.tucomarca.com\/wordpress\/segunda\/ca\/wp-json\/wp\/v2\/posts"}],"about":[{"href":"https:\/\/www.tucomarca.com\/wordpress\/segunda\/ca\/wp-json\/wp\/v2\/types\/post"}],"author":[{"embeddable":true,"href":"https:\/\/www.tucomarca.com\/wordpress\/segunda\/ca\/wp-json\/wp\/v2\/users\/12"}],"replies":[{"embeddable":true,"href":"https:\/\/www.tucomarca.com\/wordpress\/segunda\/ca\/wp-json\/wp\/v2\/comments?post=176903"}],"version-history":[{"count":0,"href":"https:\/\/www.tucomarca.com\/wordpress\/segunda\/ca\/wp-json\/wp\/v2\/posts\/176903\/revisions"}],"wp:featuredmedia":[{"embeddable":true,"href":"https:\/\/www.tucomarca.com\/wordpress\/segunda\/ca\/wp-json\/wp\/v2\/media\/176901"}],"wp:attachment":[{"href":"https:\/\/www.tucomarca.com\/wordpress\/segunda\/ca\/wp-json\/wp\/v2\/media?parent=176903"}],"wp:term":[{"taxonomy":"category","embeddable":true,"href":"https:\/\/www.tucomarca.com\/wordpress\/segunda\/ca\/wp-json\/wp\/v2\/categories?post=176903"},{"taxonomy":"post_tag","embeddable":true,"href":"https:\/\/www.tucomarca.com\/wordpress\/segunda\/ca\/wp-json\/wp\/v2\/tags?post=176903"}],"curies":[{"name":"wp","href":"https:\/\/api.w.org\/{rel}","templated":true}]}}