{"id":176925,"date":"2023-01-27T11:00:00","date_gmt":"2023-01-27T09:00:00","guid":{"rendered":"https:\/\/www.tucomarca.com\/wordpress\/segunda\/?p=176925"},"modified":"2023-01-27T14:49:32","modified_gmt":"2023-01-27T12:49:32","slug":"la-baixada-de-troncs-i-lolla-inicien-aquest-cap-de-setmana-els-actes-de-sant-blas-a-benaguasil","status":"publish","type":"post","link":"https:\/\/www.tucomarca.com\/wordpress\/segunda\/ca\/la-baixada-de-troncs-i-lolla-inicien-aquest-cap-de-setmana-els-actes-de-sant-blas-a-benaguasil\/","title":{"rendered":"La baixada de troncs i l&#8217;olla inicien aquest cap de setmana els actes de Sant Blas a Benaguasil"},"content":{"rendered":"\n<h3 class=\"wp-block-heading\"><strong>El programa festiu en honor al Patr\u00f3 de Benaguasil compta amb actes religiosos, l\u00fadics i tradicionals.&nbsp;<\/strong><\/h3>\n\n\n\n<p>Benaguasil es disposa a viure en els pr\u00f2xims dies les festes dedicades al patr\u00f3 Sant Blas, sant protector de les malalties de gola i pel qual existeix molta devoci\u00f3 en el municipi i a la comarca, sent moltes les persones de les localitats ve\u00efnes les que s&#8217;acosten fins a Benaguasil per a complir amb la tradici\u00f3 de passar els seus mocadors per la imatge per a garantir-se una gola sana tot l&#8217;any.<br>Els actes l\u00fadics i religiosos comen\u00e7aran en el mat\u00ed del diumenge, dia 29 de gener, amb la baixada de troncs, arrossegats per cavalls, des de la pla\u00e7a del Cementeri fins a la Pla\u00e7a Major, lloc on es muntar\u00e0 la foguera en honor al Patr\u00f3, i l&#8217;olla de Sant Blas.<br>Els actes continuaran el dijous dia 2, amb la celebraci\u00f3 de la missa de la Candelaria a les 19:*30h. Posteriorment es procedir\u00e0 a l&#8217;encesa de la foguera i es realitzaran balls regionals en la Pla\u00e7a Major, mentre els clavaris reparteixen cacaus i mistela a les persones assistents.<br>Ser\u00e0 el divendres 3 de febrer, dia de Sant Blas, quan el tret de 21 salves anuncie la festivitat del Patr\u00f3. A les *19h tindr\u00e0 lloc la solemne Eucaristia i posteriorment la imatge del Sant, acompanyada pels ve\u00efns de la localitat, clavaris, confraries i autoritats locals processionar\u00e0 per l&#8217;itinerari de costum. A l&#8217;arribada de la process\u00f3 a l&#8217;Esgl\u00e9sia es procedir\u00e0 al repartiment de les \u201c*blaietas\u201d bene\u00efdes en besar la rel\u00edquia del Sant i al sorteig d&#8217;una imatge del Sant.&nbsp;<br>Els actes finalitzaran el dissabte 4 de febrer amb inflables per a tots els xiquets en la Pla\u00e7a, xocolate i *discom\u00f3vil a c\u00e0rrec de DJ Jose Romero.<\/p>\n\n\n\n<p><\/p>\n\n\n\n<figure class=\"wp-block-image size-large\"><img loading=\"lazy\" decoding=\"async\" width=\"724\" height=\"1024\" src=\"http:\/\/www.tucomarca.com\/wordpress\/segunda\/wp-content\/uploads\/2023\/01\/programa-724x1024.jpeg\" alt=\"\" class=\"wp-image-176922\" srcset=\"https:\/\/www.tucomarca.com\/wordpress\/segunda\/wp-content\/uploads\/2023\/01\/programa-724x1024.jpeg 724w, https:\/\/www.tucomarca.com\/wordpress\/segunda\/wp-content\/uploads\/2023\/01\/programa-212x300.jpeg 212w, https:\/\/www.tucomarca.com\/wordpress\/segunda\/wp-content\/uploads\/2023\/01\/programa-768x1086.jpeg 768w, https:\/\/www.tucomarca.com\/wordpress\/segunda\/wp-content\/uploads\/2023\/01\/programa-1086x1536.jpeg 1086w, https:\/\/www.tucomarca.com\/wordpress\/segunda\/wp-content\/uploads\/2023\/01\/programa.jpeg 1131w\" sizes=\"auto, (max-width: 724px) 100vw, 724px\" \/><\/figure>\n","protected":false},"excerpt":{"rendered":"<div class=\"mh-excerpt\">El programa festiu en honor al Patr\u00f3 de Benaguasil compta amb actes religiosos, l\u00fadics i tradicionals.&nbsp; Benaguasil es disposa a viure en els pr\u00f2xims dies les festes dedicades al patr\u00f3 Sant Blas, sant protector de <a class=\"mh-excerpt-more\" href=\"https:\/\/www.tucomarca.com\/wordpress\/segunda\/ca\/la-baixada-de-troncs-i-lolla-inicien-aquest-cap-de-setmana-els-actes-de-sant-blas-a-benaguasil\/\" title=\"La baixada de troncs i l&#8217;olla inicien aquest cap de setmana els actes de Sant Blas a Benaguasil\">[+] <\/a><\/div>\n","protected":false},"author":1,"featured_media":176923,"comment_status":"open","ping_status":"open","sticky":false,"template":"","format":"standard","meta":{"footnotes":""},"categories":[11019,10952,10892,10894,10896],"tags":[11136,10899,18750],"class_list":{"0":"post-176925","1":"post","2":"type-post","3":"status-publish","4":"format-standard","5":"has-post-thumbnail","7":"category-agenda-ca","8":"category-benaguasil-ca","9":"category-camp-de-turia-ca","10":"category-la-comarca-ca","11":"category-seccion-ca","12":"tag-benaguasil-ca","13":"tag-camp-de-turia-ca","14":"tag-san-blas-ca"},"_links":{"self":[{"href":"https:\/\/www.tucomarca.com\/wordpress\/segunda\/ca\/wp-json\/wp\/v2\/posts\/176925","targetHints":{"allow":["GET"]}}],"collection":[{"href":"https:\/\/www.tucomarca.com\/wordpress\/segunda\/ca\/wp-json\/wp\/v2\/posts"}],"about":[{"href":"https:\/\/www.tucomarca.com\/wordpress\/segunda\/ca\/wp-json\/wp\/v2\/types\/post"}],"author":[{"embeddable":true,"href":"https:\/\/www.tucomarca.com\/wordpress\/segunda\/ca\/wp-json\/wp\/v2\/users\/1"}],"replies":[{"embeddable":true,"href":"https:\/\/www.tucomarca.com\/wordpress\/segunda\/ca\/wp-json\/wp\/v2\/comments?post=176925"}],"version-history":[{"count":0,"href":"https:\/\/www.tucomarca.com\/wordpress\/segunda\/ca\/wp-json\/wp\/v2\/posts\/176925\/revisions"}],"wp:featuredmedia":[{"embeddable":true,"href":"https:\/\/www.tucomarca.com\/wordpress\/segunda\/ca\/wp-json\/wp\/v2\/media\/176923"}],"wp:attachment":[{"href":"https:\/\/www.tucomarca.com\/wordpress\/segunda\/ca\/wp-json\/wp\/v2\/media?parent=176925"}],"wp:term":[{"taxonomy":"category","embeddable":true,"href":"https:\/\/www.tucomarca.com\/wordpress\/segunda\/ca\/wp-json\/wp\/v2\/categories?post=176925"},{"taxonomy":"post_tag","embeddable":true,"href":"https:\/\/www.tucomarca.com\/wordpress\/segunda\/ca\/wp-json\/wp\/v2\/tags?post=176925"}],"curies":[{"name":"wp","href":"https:\/\/api.w.org\/{rel}","templated":true}]}}