{"id":176935,"date":"2023-01-27T12:00:00","date_gmt":"2023-01-27T10:00:00","guid":{"rendered":"https:\/\/www.tucomarca.com\/wordpress\/segunda\/?p=176935"},"modified":"2023-01-27T15:23:15","modified_gmt":"2023-01-27T13:23:15","slug":"la-diputacio-lidera-un-pla-daccio-per-a-impulsar-la-comarca-del-valle-daiora-cofrents-despres-del-tancament-de-la-central-nuclear","status":"publish","type":"post","link":"https:\/\/www.tucomarca.com\/wordpress\/segunda\/ca\/la-diputacio-lidera-un-pla-daccio-per-a-impulsar-la-comarca-del-valle-daiora-cofrents-despres-del-tancament-de-la-central-nuclear\/","title":{"rendered":"La Diputaci\u00f3 lidera un pla d&#8217;acci\u00f3 per a impulsar la comarca del Valle d&#8217;Aiora-Cofrents despr\u00e9s del tancament de la central nuclear"},"content":{"rendered":"\n<h3 class=\"wp-block-heading\"><strong><strong>El diputat de Desenvolupament Rural i Pol\u00edtiques contra la Despoblaci\u00f3, Ramiro Rivera, es reunix a Cofrentes amb alcaldes i representants de l&#8217;\u00e0mbit socioecon\u00f2mic de la zona per a promoure el di\u00e0leg entre l&#8217;administraci\u00f3 p\u00fablica i la iniciativa privada<\/strong><\/strong><\/h3>\n\n\n\n<h3 class=\"wp-block-heading\"><strong><strong>Una consultora s&#8217;encarregar\u00e0 d&#8217;analitzar possibles escenaris despr\u00e9s del cessament d&#8217;activitats de la central i definir una estrat\u00e8gia per a promoure l&#8217;impuls social i econ\u00f2mic dels municipis mitjan\u00e7ant processos participatius amb els agents econ\u00f2mics i socials de la zona<\/strong><\/strong><\/h3>\n\n\n\n<p>El diputat de Desenvolupament Rural i Pol\u00edtiques contra la Despoblaci\u00f3, Ramiro Rivera, ha anunciat que la Diputaci\u00f3 de Val\u00e8ncia treballa ja en l&#8217;elaboraci\u00f3 d&#8217;un Pla de Desenvolupament Integral i Reactivaci\u00f3 Econ\u00f2mica per a la comarca del Valle de Aiora-Cofrents, amb la perspectiva del tancament de la central nuclear previst per a 2030.<br><br>L&#8217;anunci ha tingut lloc en una jornada de treball organitzada per la Diputaci\u00f3 a l&#8217;Ajuntament de Cofrents, on han participat alcaldes, regidors, t\u00e8cnics ADL i representants del teixit empresarial i associatiu de la zona; aix\u00ed com membres del Grup d&#8217;Acci\u00f3 Local Rurable. Aix\u00ed mateix, en la trobada han estat presents el diputat auton\u00f2mic David Calvo i la diputada provincial d&#8217;Igualtat, Eli Garc\u00eda.<\/p>\n\n\n\n<p>Durant la trobada, el diputat Rivera ha destacat \u201cla necessitat que l&#8217;Administraci\u00f3 treballe de manera proactiva, identificant febleses i fortaleses per a poder desenvolupar una estrat\u00e8gia que permeta anticipar-nos als problemes i posar solucions abans que es produ\u00efsquen\u201d.<br><br>A m\u00e9s, ha remarcat \u201cla import\u00e0ncia d&#8217;este tipus de trobades perqu\u00e8 permeten posar el focus en les necessitats reals dels municipis, per a poder aix\u00ed coordinar les iniciatives p\u00fabliques i privades a trav\u00e9s d&#8217;un full de ruta realista basat en l\u2019actualitat econ\u00f2mica i social de la zona\u201d, i ha anticipat que \u201cl&#8217;elaboraci\u00f3 de l&#8217;informe ser\u00e0 tamb\u00e9 un proc\u00e9s participatiu, ja que el primer que far\u00e0 la consultora encarregada de desenvolupar-lo ser\u00e0 reunir-se amb els agents econ\u00f2mics i socials de la zona a trav\u00e9s d&#8217;entrevistes personals, enquestes i trobades\u201d.<\/p>\n\n\n\n<p>Per part seua, l&#8217;alcalde de Cofrents, Salvador Honrubia, ha indicat que \u201cl&#8217;horitz\u00f3 del tancament de la central nuclear suposa un vertader repte per als municipis de la zona, per la qual cosa tenim que treballar des de ja sobre eixa realitat que cada dia est\u00e0 m\u00e9s pr\u00f2xima, i que implicar\u00e0 canvis estructurals en les nostres economies\u201d.<\/p>\n\n\n\n<p><strong>Nous escenaris<\/strong><\/p>\n\n\n\n<p>El Ministeri per a la Transici\u00f3 Ecol\u00f2gica i el Repte Demogr\u00e0fic del Govern d&#8217;Espa\u00f1a ha programat per al 30 de novembre de 2030 el cessament d&#8217;activitat de la Central Nuclear de Cofrents.<\/p>\n\n\n\n<p>Este fet obri un nou escenari en l\u2019economia i mercat laboral de l&#8217;\u00e0rea d&#8217;influ\u00e8ncia de la central, tenint en compte l&#8217;elevat impacte per als pressupostos municipals, el desenvolupament empresarial i la generaci\u00f3 d&#8217;ocupaci\u00f3 que suposa esta instal\u00b7laci\u00f3, que hui dia genera m\u00e9s del 40% de l\u2019energia consumida en la Comunitat Valenciana.<\/p>\n\n\n\n<p>En este context, ser\u00e0 la consultora especialitzada <em>NOTUS Investigaci\u00f3n Social<\/em> l&#8217;encarregada d&#8217;elaborar, al costat de la delegaci\u00f3 de Desenvolupament Rural i Pol\u00edtiques contra la Despoblaci\u00f3 de la Diputaci\u00f3, el Pla de Desenvolupament Integral i Reactivaci\u00f3 Econ\u00f2mica de l&#8217;\u00e1rea d&#8217;influ\u00e8ncia de la central nuclear.<\/p>\n\n\n\n<p>L&#8217;estudi preveu un proc\u00e9s ampli de participaci\u00f3 ciutadana identificant oportunitats de desenvolupament d&#8217;iniciatives p\u00fabliques i privades amb l&#8217;objectiu de garantir l&#8217;activitat econ\u00f2mica, l\u2019ocupaci\u00f3, la qualitat de vida i la fixaci\u00f3 de la poblaci\u00f3 per a anticipar i evitar els efectes negatius del tancament de la central.&nbsp;<\/p>\n\n\n\n<figure class=\"wp-block-image size-large\"><img loading=\"lazy\" decoding=\"async\" width=\"1024\" height=\"466\" src=\"http:\/\/www.tucomarca.com\/wordpress\/segunda\/wp-content\/uploads\/2023\/01\/Cofrentes2-1024x466.jpeg\" alt=\"\" class=\"wp-image-176932\" srcset=\"https:\/\/www.tucomarca.com\/wordpress\/segunda\/wp-content\/uploads\/2023\/01\/Cofrentes2-1024x466.jpeg 1024w, https:\/\/www.tucomarca.com\/wordpress\/segunda\/wp-content\/uploads\/2023\/01\/Cofrentes2-300x137.jpeg 300w, https:\/\/www.tucomarca.com\/wordpress\/segunda\/wp-content\/uploads\/2023\/01\/Cofrentes2-768x349.jpeg 768w, https:\/\/www.tucomarca.com\/wordpress\/segunda\/wp-content\/uploads\/2023\/01\/Cofrentes2-1536x699.jpeg 1536w, https:\/\/www.tucomarca.com\/wordpress\/segunda\/wp-content\/uploads\/2023\/01\/Cofrentes2.jpeg 1600w\" sizes=\"auto, (max-width: 1024px) 100vw, 1024px\" \/><\/figure>\n","protected":false},"excerpt":{"rendered":"<div class=\"mh-excerpt\">El diputat de Desenvolupament Rural i Pol\u00edtiques contra la Despoblaci\u00f3, Ramiro Rivera, es reunix a Cofrentes amb alcaldes i representants de l&#8217;\u00e0mbit socioecon\u00f2mic de la zona per a promoure el di\u00e0leg entre l&#8217;administraci\u00f3 p\u00fablica i <a class=\"mh-excerpt-more\" href=\"https:\/\/www.tucomarca.com\/wordpress\/segunda\/ca\/la-diputacio-lidera-un-pla-daccio-per-a-impulsar-la-comarca-del-valle-daiora-cofrents-despres-del-tancament-de-la-central-nuclear\/\" title=\"La Diputaci\u00f3 lidera un pla d&#8217;acci\u00f3 per a impulsar la comarca del Valle d&#8217;Aiora-Cofrents despr\u00e9s del tancament de la central nuclear\">[+] <\/a><\/div>\n","protected":false},"author":1,"featured_media":176931,"comment_status":"open","ping_status":"open","sticky":false,"template":"","format":"standard","meta":{"footnotes":""},"categories":[10905,10954,10951,10955,10898,10948,10894,10904,10947,10896],"tags":[11216,11934],"class_list":{"0":"post-176935","1":"post","2":"type-post","3":"status-publish","4":"format-standard","5":"has-post-thumbnail","7":"category-agricultura-la-comarca-ca","8":"category-ayora-ca","9":"category-ayora-cofrentes-ca","10":"category-cofrentes-ca","11":"category-ventana-ca","12":"category-infraestructuras-ca","13":"category-la-comarca-ca","14":"category-sin-categorizar-ca","15":"category-politica","16":"category-seccion-ca","17":"tag-ayora-cofrentes-ca","18":"tag-el-valle-de-ayora-cofrentes-ca"},"_links":{"self":[{"href":"https:\/\/www.tucomarca.com\/wordpress\/segunda\/ca\/wp-json\/wp\/v2\/posts\/176935","targetHints":{"allow":["GET"]}}],"collection":[{"href":"https:\/\/www.tucomarca.com\/wordpress\/segunda\/ca\/wp-json\/wp\/v2\/posts"}],"about":[{"href":"https:\/\/www.tucomarca.com\/wordpress\/segunda\/ca\/wp-json\/wp\/v2\/types\/post"}],"author":[{"embeddable":true,"href":"https:\/\/www.tucomarca.com\/wordpress\/segunda\/ca\/wp-json\/wp\/v2\/users\/1"}],"replies":[{"embeddable":true,"href":"https:\/\/www.tucomarca.com\/wordpress\/segunda\/ca\/wp-json\/wp\/v2\/comments?post=176935"}],"version-history":[{"count":0,"href":"https:\/\/www.tucomarca.com\/wordpress\/segunda\/ca\/wp-json\/wp\/v2\/posts\/176935\/revisions"}],"wp:featuredmedia":[{"embeddable":true,"href":"https:\/\/www.tucomarca.com\/wordpress\/segunda\/ca\/wp-json\/wp\/v2\/media\/176931"}],"wp:attachment":[{"href":"https:\/\/www.tucomarca.com\/wordpress\/segunda\/ca\/wp-json\/wp\/v2\/media?parent=176935"}],"wp:term":[{"taxonomy":"category","embeddable":true,"href":"https:\/\/www.tucomarca.com\/wordpress\/segunda\/ca\/wp-json\/wp\/v2\/categories?post=176935"},{"taxonomy":"post_tag","embeddable":true,"href":"https:\/\/www.tucomarca.com\/wordpress\/segunda\/ca\/wp-json\/wp\/v2\/tags?post=176935"}],"curies":[{"name":"wp","href":"https:\/\/api.w.org\/{rel}","templated":true}]}}