{"id":176963,"date":"2023-01-27T13:00:00","date_gmt":"2023-01-27T11:00:00","guid":{"rendered":"https:\/\/www.tucomarca.com\/wordpress\/segunda\/?p=176963"},"modified":"2023-01-27T16:17:23","modified_gmt":"2023-01-27T14:17:23","slug":"la-comissio-lantiga-fontanella-de-turis-presenta-a-les-seues-falleres-majors-raquel-corella-i-cayetana-gonzalez","status":"publish","type":"post","link":"https:\/\/www.tucomarca.com\/wordpress\/segunda\/ca\/la-comissio-lantiga-fontanella-de-turis-presenta-a-les-seues-falleres-majors-raquel-corella-i-cayetana-gonzalez\/","title":{"rendered":"La comissi\u00f3 L\u2019Antiga Fontanella de Tur\u00eds presenta a les seues falleres majors: Raquel Corella i Cayetana Gonz\u00e1lez\u00a0"},"content":{"rendered":"\n<p>El passat cap de setmana va tindre uns clars protagonistes en el m\u00f3n faller de Tor\u00eds: Raquel Corella i Fern\u00e1ndez, Cayetana Gonz\u00e1lez i Corella i Miguel Segura i Soldat.<\/p>\n\n\n\n<p>L&#8217;Antiga Fontanella va exaltar a Raquel i Cayetana com a Fallera Major i Fallera Major infantil, respectivament, i a Miguel com a nou President Infantil.&nbsp;<\/p>\n\n\n\n<p>La m\u00e0xima representaci\u00f3 de L&#8217;Antiga Fontanella, que ja ho t\u00e9 tot preparat juntament amb els presidents V\u00edctor Mart\u00ednez, Mer Segura i Rafa Oribe per a viure les falles turisanas.<\/p>\n\n\n\n<p>Dos actes que van comptar amb tots els ingredients necessaris per a fer-los inoblidables, en els quals tamb\u00e9 van participar Isabel Guaita, com a presidenta Executiva de Junta Local, i la Reina de les Festes, Ana Val\u00e8ncia, acompanyada pel regidor Ivan Pic\u00f3.&nbsp;<\/p>\n\n\n\n<figure class=\"wp-block-gallery has-nested-images columns-2 is-cropped wp-block-gallery-1 is-layout-flex wp-block-gallery-is-layout-flex\">\n<figure class=\"wp-block-image size-large\"><img loading=\"lazy\" decoding=\"async\" width=\"886\" height=\"517\" data-id=\"176946\" src=\"http:\/\/www.tucomarca.com\/wordpress\/segunda\/wp-content\/uploads\/2023\/01\/02AFontanella.jpg\" alt=\"\" class=\"wp-image-176946\" srcset=\"https:\/\/www.tucomarca.com\/wordpress\/segunda\/wp-content\/uploads\/2023\/01\/02AFontanella.jpg 886w, https:\/\/www.tucomarca.com\/wordpress\/segunda\/wp-content\/uploads\/2023\/01\/02AFontanella-300x175.jpg 300w, https:\/\/www.tucomarca.com\/wordpress\/segunda\/wp-content\/uploads\/2023\/01\/02AFontanella-768x448.jpg 768w\" sizes=\"auto, (max-width: 886px) 100vw, 886px\" \/><\/figure>\n\n\n\n<figure class=\"wp-block-image size-large\"><img loading=\"lazy\" decoding=\"async\" width=\"1162\" height=\"676\" data-id=\"176948\" src=\"http:\/\/www.tucomarca.com\/wordpress\/segunda\/wp-content\/uploads\/2023\/01\/03AFontanella.jpg\" alt=\"\" class=\"wp-image-176948\" srcset=\"https:\/\/www.tucomarca.com\/wordpress\/segunda\/wp-content\/uploads\/2023\/01\/03AFontanella.jpg 1162w, https:\/\/www.tucomarca.com\/wordpress\/segunda\/wp-content\/uploads\/2023\/01\/03AFontanella-300x175.jpg 300w, https:\/\/www.tucomarca.com\/wordpress\/segunda\/wp-content\/uploads\/2023\/01\/03AFontanella-1024x596.jpg 1024w, https:\/\/www.tucomarca.com\/wordpress\/segunda\/wp-content\/uploads\/2023\/01\/03AFontanella-768x447.jpg 768w\" sizes=\"auto, (max-width: 1162px) 100vw, 1162px\" \/><\/figure>\n\n\n\n<figure class=\"wp-block-image size-large\"><img loading=\"lazy\" decoding=\"async\" width=\"1366\" height=\"1024\" data-id=\"176957\" src=\"http:\/\/www.tucomarca.com\/wordpress\/segunda\/wp-content\/uploads\/2023\/01\/07AFontanella.jpg\" alt=\"\" class=\"wp-image-176957\" srcset=\"https:\/\/www.tucomarca.com\/wordpress\/segunda\/wp-content\/uploads\/2023\/01\/07AFontanella.jpg 1366w, https:\/\/www.tucomarca.com\/wordpress\/segunda\/wp-content\/uploads\/2023\/01\/07AFontanella-300x225.jpg 300w, https:\/\/www.tucomarca.com\/wordpress\/segunda\/wp-content\/uploads\/2023\/01\/07AFontanella-1024x768.jpg 1024w, https:\/\/www.tucomarca.com\/wordpress\/segunda\/wp-content\/uploads\/2023\/01\/07AFontanella-768x576.jpg 768w, https:\/\/www.tucomarca.com\/wordpress\/segunda\/wp-content\/uploads\/2023\/01\/07AFontanella-678x509.jpg 678w, https:\/\/www.tucomarca.com\/wordpress\/segunda\/wp-content\/uploads\/2023\/01\/07AFontanella-326x245.jpg 326w, https:\/\/www.tucomarca.com\/wordpress\/segunda\/wp-content\/uploads\/2023\/01\/07AFontanella-80x60.jpg 80w\" sizes=\"auto, (max-width: 1366px) 100vw, 1366px\" \/><\/figure>\n\n\n\n<figure class=\"wp-block-image size-large\"><img loading=\"lazy\" decoding=\"async\" width=\"1686\" height=\"1265\" data-id=\"176961\" src=\"http:\/\/www.tucomarca.com\/wordpress\/segunda\/wp-content\/uploads\/2023\/01\/09AFontanella.jpg\" alt=\"\" class=\"wp-image-176961\" srcset=\"https:\/\/www.tucomarca.com\/wordpress\/segunda\/wp-content\/uploads\/2023\/01\/09AFontanella.jpg 1686w, https:\/\/www.tucomarca.com\/wordpress\/segunda\/wp-content\/uploads\/2023\/01\/09AFontanella-300x225.jpg 300w, https:\/\/www.tucomarca.com\/wordpress\/segunda\/wp-content\/uploads\/2023\/01\/09AFontanella-1024x768.jpg 1024w, https:\/\/www.tucomarca.com\/wordpress\/segunda\/wp-content\/uploads\/2023\/01\/09AFontanella-768x576.jpg 768w, https:\/\/www.tucomarca.com\/wordpress\/segunda\/wp-content\/uploads\/2023\/01\/09AFontanella-1536x1152.jpg 1536w, https:\/\/www.tucomarca.com\/wordpress\/segunda\/wp-content\/uploads\/2023\/01\/09AFontanella-678x509.jpg 678w, https:\/\/www.tucomarca.com\/wordpress\/segunda\/wp-content\/uploads\/2023\/01\/09AFontanella-326x245.jpg 326w, https:\/\/www.tucomarca.com\/wordpress\/segunda\/wp-content\/uploads\/2023\/01\/09AFontanella-80x60.jpg 80w\" sizes=\"auto, (max-width: 1686px) 100vw, 1686px\" \/><\/figure>\n\n\n\n<figure class=\"wp-block-image size-large\"><img loading=\"lazy\" decoding=\"async\" width=\"1440\" height=\"837\" data-id=\"176950\" src=\"http:\/\/www.tucomarca.com\/wordpress\/segunda\/wp-content\/uploads\/2023\/01\/04AFontanella.jpg\" alt=\"\" class=\"wp-image-176950\" srcset=\"https:\/\/www.tucomarca.com\/wordpress\/segunda\/wp-content\/uploads\/2023\/01\/04AFontanella.jpg 1440w, https:\/\/www.tucomarca.com\/wordpress\/segunda\/wp-content\/uploads\/2023\/01\/04AFontanella-300x174.jpg 300w, https:\/\/www.tucomarca.com\/wordpress\/segunda\/wp-content\/uploads\/2023\/01\/04AFontanella-1024x595.jpg 1024w, https:\/\/www.tucomarca.com\/wordpress\/segunda\/wp-content\/uploads\/2023\/01\/04AFontanella-768x446.jpg 768w\" sizes=\"auto, (max-width: 1440px) 100vw, 1440px\" \/><\/figure>\n\n\n\n<figure class=\"wp-block-image size-large\"><img loading=\"lazy\" decoding=\"async\" width=\"1440\" height=\"841\" data-id=\"176952\" src=\"http:\/\/www.tucomarca.com\/wordpress\/segunda\/wp-content\/uploads\/2023\/01\/05AFontanella.jpg\" alt=\"\" class=\"wp-image-176952\" srcset=\"https:\/\/www.tucomarca.com\/wordpress\/segunda\/wp-content\/uploads\/2023\/01\/05AFontanella.jpg 1440w, https:\/\/www.tucomarca.com\/wordpress\/segunda\/wp-content\/uploads\/2023\/01\/05AFontanella-300x175.jpg 300w, https:\/\/www.tucomarca.com\/wordpress\/segunda\/wp-content\/uploads\/2023\/01\/05AFontanella-1024x598.jpg 1024w, https:\/\/www.tucomarca.com\/wordpress\/segunda\/wp-content\/uploads\/2023\/01\/05AFontanella-768x449.jpg 768w\" sizes=\"auto, (max-width: 1440px) 100vw, 1440px\" \/><\/figure>\n\n\n\n<figure class=\"wp-block-image size-large\"><img loading=\"lazy\" decoding=\"async\" width=\"1375\" height=\"1031\" data-id=\"176959\" src=\"http:\/\/www.tucomarca.com\/wordpress\/segunda\/wp-content\/uploads\/2023\/01\/08AFontanella.jpg\" alt=\"\" class=\"wp-image-176959\" srcset=\"https:\/\/www.tucomarca.com\/wordpress\/segunda\/wp-content\/uploads\/2023\/01\/08AFontanella.jpg 1375w, https:\/\/www.tucomarca.com\/wordpress\/segunda\/wp-content\/uploads\/2023\/01\/08AFontanella-300x225.jpg 300w, https:\/\/www.tucomarca.com\/wordpress\/segunda\/wp-content\/uploads\/2023\/01\/08AFontanella-1024x768.jpg 1024w, https:\/\/www.tucomarca.com\/wordpress\/segunda\/wp-content\/uploads\/2023\/01\/08AFontanella-768x576.jpg 768w, https:\/\/www.tucomarca.com\/wordpress\/segunda\/wp-content\/uploads\/2023\/01\/08AFontanella-678x509.jpg 678w, https:\/\/www.tucomarca.com\/wordpress\/segunda\/wp-content\/uploads\/2023\/01\/08AFontanella-326x245.jpg 326w, https:\/\/www.tucomarca.com\/wordpress\/segunda\/wp-content\/uploads\/2023\/01\/08AFontanella-80x60.jpg 80w\" sizes=\"auto, (max-width: 1375px) 100vw, 1375px\" \/><\/figure>\n<\/figure>\n","protected":false},"excerpt":{"rendered":"<div class=\"mh-excerpt\">El passat cap de setmana va tindre uns clars protagonistes en el m\u00f3n faller de Tor\u00eds: Raquel Corella i Fern\u00e1ndez, Cayetana Gonz\u00e1lez i Corella i Miguel Segura i Soldat. L&#8217;Antiga Fontanella va exaltar a Raquel <a class=\"mh-excerpt-more\" href=\"https:\/\/www.tucomarca.com\/wordpress\/segunda\/ca\/la-comissio-lantiga-fontanella-de-turis-presenta-a-les-seues-falleres-majors-raquel-corella-i-cayetana-gonzalez\/\" title=\"La comissi\u00f3 L\u2019Antiga Fontanella de Tur\u00eds presenta a les seues falleres majors: Raquel Corella i Cayetana Gonz\u00e1lez\u00a0\">[+] <\/a><\/div>\n","protected":false},"author":12,"featured_media":176944,"comment_status":"open","ping_status":"open","sticky":false,"template":"","format":"gallery","meta":{"footnotes":""},"categories":[10894,10902,11004,11008,10896,11047],"tags":[17140,11356,11093],"class_list":{"0":"post-176963","1":"post","2":"type-post","3":"status-publish","4":"format-gallery","5":"has-post-thumbnail","7":"category-la-comarca-ca","8":"category-la-ribera-ca","9":"category-la-semana-en-imagenes-ca","10":"category-pueblos-en-fiestas-ca","11":"category-seccion-ca","12":"category-turis-ca","13":"tag-fallas-2023-ca","14":"tag-ribera-alta-ca","15":"tag-turis-ca","16":"post_format-post-format-gallery"},"_links":{"self":[{"href":"https:\/\/www.tucomarca.com\/wordpress\/segunda\/ca\/wp-json\/wp\/v2\/posts\/176963","targetHints":{"allow":["GET"]}}],"collection":[{"href":"https:\/\/www.tucomarca.com\/wordpress\/segunda\/ca\/wp-json\/wp\/v2\/posts"}],"about":[{"href":"https:\/\/www.tucomarca.com\/wordpress\/segunda\/ca\/wp-json\/wp\/v2\/types\/post"}],"author":[{"embeddable":true,"href":"https:\/\/www.tucomarca.com\/wordpress\/segunda\/ca\/wp-json\/wp\/v2\/users\/12"}],"replies":[{"embeddable":true,"href":"https:\/\/www.tucomarca.com\/wordpress\/segunda\/ca\/wp-json\/wp\/v2\/comments?post=176963"}],"version-history":[{"count":0,"href":"https:\/\/www.tucomarca.com\/wordpress\/segunda\/ca\/wp-json\/wp\/v2\/posts\/176963\/revisions"}],"wp:featuredmedia":[{"embeddable":true,"href":"https:\/\/www.tucomarca.com\/wordpress\/segunda\/ca\/wp-json\/wp\/v2\/media\/176944"}],"wp:attachment":[{"href":"https:\/\/www.tucomarca.com\/wordpress\/segunda\/ca\/wp-json\/wp\/v2\/media?parent=176963"}],"wp:term":[{"taxonomy":"category","embeddable":true,"href":"https:\/\/www.tucomarca.com\/wordpress\/segunda\/ca\/wp-json\/wp\/v2\/categories?post=176963"},{"taxonomy":"post_tag","embeddable":true,"href":"https:\/\/www.tucomarca.com\/wordpress\/segunda\/ca\/wp-json\/wp\/v2\/tags?post=176963"}],"curies":[{"name":"wp","href":"https:\/\/api.w.org\/{rel}","templated":true}]}}