{"id":176974,"date":"2023-01-27T10:55:00","date_gmt":"2023-01-27T08:55:00","guid":{"rendered":"https:\/\/www.tucomarca.com\/wordpress\/segunda\/?p=176974"},"modified":"2023-01-27T19:39:26","modified_gmt":"2023-01-27T17:39:26","slug":"riba-roja-concedeix-24-774-euros-en-ajudes-publiques-a-emprenedors-i-autonoms-donats-dalta-entre-setembre-de-2021-i-setembre-de-2022","status":"publish","type":"post","link":"https:\/\/www.tucomarca.com\/wordpress\/segunda\/ca\/riba-roja-concedeix-24-774-euros-en-ajudes-publiques-a-emprenedors-i-autonoms-donats-dalta-entre-setembre-de-2021-i-setembre-de-2022\/","title":{"rendered":"Riba-roja concedeix 24.774 euros en ajudes p\u00fabliques a emprenedors i aut\u00f2noms donats d&#8217;alta entre setembre de 2021 i setembre de 2022\u00a0"},"content":{"rendered":"\n<h4 class=\"wp-block-heading\">El programa municipal est\u00e0 encaminat a afavorir l&#8217;activitat empresarial, l&#8217;autoocupaci\u00f3 i l&#8217;emprenedoria en el terme municipal, tant per a les persones f\u00edsiques com per a les jur\u00eddiques&nbsp;<\/h4>\n\n\n\n<p>L&#8217;Ajuntament de Riba-roja de T\u00faria ha resolt l&#8217;adjudicaci\u00f3 de 24.774 euros als empresaris, aut\u00f2noms, microempreses i petites i mitjanes empreses (pimes) dins del programa municipal Ribactiva III. En total, el consistori ha adjudicat les ajudes econ\u00f2miques a un total de deu comer\u00e7os minoristes i xicotets comer\u00e7os situats i que exerceixen la seua activitat en el terme municipal.&nbsp;<\/p>\n\n\n\n<p>El govern municipal de Riba-roja de T\u00faria ha aprovat ajudes per als beneficiaris amb quantitats de fins a 3.000 euros en funci\u00f3 dels requisits complits en cada cas i d&#8217;acord amb els preceptes continguts les bases reguladores d&#8217;aquestes. L&#8217;objectiu d&#8217;aquesta iniciativa municipal passa per secundar i fomentar les mesures encaminades a afavorir la creaci\u00f3 de l&#8217;activitat empresarial, l&#8217;autoocupaci\u00f3 i l&#8217;emprenedoria.&nbsp;<\/p>\n\n\n\n<p>La concessi\u00f3 d&#8217;aquestes ajudes econ\u00f2miques del programa municipal Ribactiva III s&#8217;ha dut a terme mitjan\u00e7ant un sistema de concurr\u00e8ncia competitiva en el qual s&#8217;ha tingut en compte els criteris de valoraci\u00f3, els requisits i la documentaci\u00f3 requerida en la convocat\u00f2ria. Els beneficiaris s\u00f3n persones f\u00edsiques o jur\u00eddiques constitu\u00efdes, legalment, com a aut\u00f2noms, professionals o microempreses comercials definides com a tals amb una activitat en el terme municipal.&nbsp;<\/p>\n\n\n\n<p>Entre els requisits exigits en les bases reguladores destaquen la necessitat que l&#8217;activitat estiga implantada plenament a Riba-roja de T\u00faria, la persona o la meitat de les persones emprenedores incloses en la constituci\u00f3 de l&#8217;empresa han d&#8217;estar empadronats en la localitat, l&#8217;alta ha de figurar entre l&#8217;1 de novembre de l&#8217;any 2021 i el 30 de setembre de l&#8217;any 2022, a m\u00e9s d&#8217;estar al corrent de les obligacions tribut\u00e0ries i de seguretat social, aix\u00ed com amb l&#8217;administraci\u00f3 local.&nbsp;<\/p>\n\n\n\n<p>Les despeses subvencionables previstes en aquestes ajudes concedides estan encaminats a la constituci\u00f3 de l&#8217;empresa, els d&#8217;assessorament inicial, els notarials i registrals, l&#8217;administraci\u00f3, les quotes d&#8217;aut\u00f2noms i altres derivats o similars. Tamb\u00e9 estan inclosos les despeses corrents i de funcionament com l&#8217;arrendament del local comercial, les compres de mercaderies i aprovisionaments, subministraments d&#8217;energia el\u00e8ctrica i comunicacions, reparacions i conservaci\u00f3, consumibles d&#8217;oficina, serveis de professionals independents i primes d&#8217;asseguran\u00e7a i publicitat.&nbsp;<\/p>\n\n\n\n<p>Les ajudes concedides inclouen un m\u00e0xim de 3.000 euros per a cadascun dels beneficiaris, aut\u00f2nom, professional o microempresa comercial titular d&#8217;un negoci exercit en activitat de comer\u00e7 minorista o xicotets negocis de prestaci\u00f3 de serveis en funci\u00f3 del nombre de criteris complits. Les ajudes inclouen criteris com ser dona, major de 45 anys, persones desocupades m\u00e9s d&#8217;1 any en les oficines de Labora, joves fins a 30 anys, persones amb diversitat funcional d&#8217;almenys el 35% i, tamb\u00e9, les persones amb el risc d&#8217;exclusi\u00f3 social, previ informe del departament de Serveis Socials de Riba-roja de T\u00faria.&nbsp;<\/p>\n\n\n\n<p>La l\u00ednia de les subvencions municipals recull, a m\u00e9s, despeses de Seguretat Social de l&#8217;empresari individual o les quotes a c\u00e0rrec de l&#8217;empresa, les despeses d&#8217;interessos d&#8217;hipoteca vinculades al comer\u00e7, les quotes d&#8217;associacions de comerciants, els cursos de formaci\u00f3, les despeses d&#8217;elaboraci\u00f3 del pla de viabilitat del negoci, les despeses de quotes a les associacions empresarials i, finalment, les despeses corrents vinculades a l&#8217;activitat determinada.&nbsp;<\/p>\n\n\n\n<p>Cal recordar que, des de l&#8217;inici de la pand\u00e8mia al mar\u00e7 de 2020, l&#8217;Ajuntament de Riba-roja de T\u00faria ha distribu\u00eft m\u00e9s de 1\u20194 milions d&#8217;euros procedents dels fons municipals, com el programa Empr\u00e9n destinat als aut\u00f2noms i professionals del comer\u00e7 minorista, el Pla Resistir impulsat entre l&#8217;ajuntament, la Generalitat o la Diputaci\u00f3 de Val\u00e8ncia, i altres programes com el Ribactiva Impulsa\u2019t o Consolida\u2019t, entre altres.&nbsp;<\/p>\n\n\n\n<p>L&#8217;alcalde de Riba-roja de T\u00faria, Robert Raga, ha subratllat \u201cl&#8217;enorme esfor\u00e7 que des del govern municipal i tots els departaments municipals s&#8217;ha realitzat al llarg d&#8217;aquesta legislatura amb l&#8217;objectiu d&#8217;ajudar al comer\u00e7 i les pimes de la nostra localitat en una situaci\u00f3 excepcional i in\u00e8dita en la qual les ajudes econ\u00f2miques han sigut essencials per a afrontar els problemes ocasionats per la crisi sanit\u00e0ria sobrevinguda\u201d.<a><\/a><\/p>\n\n\n\n<p><\/p>\n","protected":false},"excerpt":{"rendered":"<div class=\"mh-excerpt\">El programa municipal est\u00e0 encaminat a afavorir l&#8217;activitat empresarial, l&#8217;autoocupaci\u00f3 i l&#8217;emprenedoria en el terme municipal, tant per a les persones f\u00edsiques com per a les jur\u00eddiques&nbsp; L&#8217;Ajuntament de Riba-roja de T\u00faria ha resolt l&#8217;adjudicaci\u00f3 <a class=\"mh-excerpt-more\" href=\"https:\/\/www.tucomarca.com\/wordpress\/segunda\/ca\/riba-roja-concedeix-24-774-euros-en-ajudes-publiques-a-emprenedors-i-autonoms-donats-dalta-entre-setembre-de-2021-i-setembre-de-2022\/\" title=\"Riba-roja concedeix 24.774 euros en ajudes p\u00fabliques a emprenedors i aut\u00f2noms donats d&#8217;alta entre setembre de 2021 i setembre de 2022\u00a0\">[+] <\/a><\/div>\n","protected":false},"author":12,"featured_media":132992,"comment_status":"open","ping_status":"open","sticky":false,"template":"","format":"standard","meta":{"footnotes":""},"categories":[10892,10948,10894,10947,10906,10896],"tags":[18752,10899,15024],"class_list":{"0":"post-176974","1":"post","2":"type-post","3":"status-publish","4":"format-standard","5":"has-post-thumbnail","7":"category-camp-de-turia-ca","8":"category-infraestructuras-ca","9":"category-la-comarca-ca","10":"category-politica","11":"category-riba-roja-ca","12":"category-seccion-ca","13":"tag-ayudas-publicas-ca","14":"tag-camp-de-turia-ca","15":"tag-riba-roja-de-turia-ca"},"_links":{"self":[{"href":"https:\/\/www.tucomarca.com\/wordpress\/segunda\/ca\/wp-json\/wp\/v2\/posts\/176974","targetHints":{"allow":["GET"]}}],"collection":[{"href":"https:\/\/www.tucomarca.com\/wordpress\/segunda\/ca\/wp-json\/wp\/v2\/posts"}],"about":[{"href":"https:\/\/www.tucomarca.com\/wordpress\/segunda\/ca\/wp-json\/wp\/v2\/types\/post"}],"author":[{"embeddable":true,"href":"https:\/\/www.tucomarca.com\/wordpress\/segunda\/ca\/wp-json\/wp\/v2\/users\/12"}],"replies":[{"embeddable":true,"href":"https:\/\/www.tucomarca.com\/wordpress\/segunda\/ca\/wp-json\/wp\/v2\/comments?post=176974"}],"version-history":[{"count":0,"href":"https:\/\/www.tucomarca.com\/wordpress\/segunda\/ca\/wp-json\/wp\/v2\/posts\/176974\/revisions"}],"wp:featuredmedia":[{"embeddable":true,"href":"https:\/\/www.tucomarca.com\/wordpress\/segunda\/ca\/wp-json\/wp\/v2\/media\/132992"}],"wp:attachment":[{"href":"https:\/\/www.tucomarca.com\/wordpress\/segunda\/ca\/wp-json\/wp\/v2\/media?parent=176974"}],"wp:term":[{"taxonomy":"category","embeddable":true,"href":"https:\/\/www.tucomarca.com\/wordpress\/segunda\/ca\/wp-json\/wp\/v2\/categories?post=176974"},{"taxonomy":"post_tag","embeddable":true,"href":"https:\/\/www.tucomarca.com\/wordpress\/segunda\/ca\/wp-json\/wp\/v2\/tags?post=176974"}],"curies":[{"name":"wp","href":"https:\/\/api.w.org\/{rel}","templated":true}]}}