{"id":176987,"date":"2023-01-27T15:15:00","date_gmt":"2023-01-27T13:15:00","guid":{"rendered":"https:\/\/www.tucomarca.com\/wordpress\/segunda\/?p=176987"},"modified":"2023-01-27T19:32:58","modified_gmt":"2023-01-27T17:32:58","slug":"el-plenari-ratifica-el-pla-estrategic-zonal-de-serveis-socials-de-lajuntament-de-xest","status":"publish","type":"post","link":"https:\/\/www.tucomarca.com\/wordpress\/segunda\/ca\/el-plenari-ratifica-el-pla-estrategic-zonal-de-serveis-socials-de-lajuntament-de-xest\/","title":{"rendered":"El plenari ratifica el Pla estrat\u00e8gic zonal de Serveis Socials de l&#8217;Ajuntament de Xest"},"content":{"rendered":"\n<h4 class=\"wp-block-heading\">Dijous passat, 26 de gener, el Ple va celebrar una sessi\u00f3 ordin\u00e0ria en la qual es va ratificar el Pla estrat\u00e8gic zonal de Serveis Socials de l&#8217;Ajuntament de Xest.&nbsp;<\/h4>\n\n\n\n<figure class=\"wp-block-image size-large\"><img loading=\"lazy\" decoding=\"async\" width=\"1024\" height=\"350\" src=\"http:\/\/www.tucomarca.com\/wordpress\/segunda\/wp-content\/uploads\/2023\/01\/Cheste_PlenoEnero2023_7-1024x350.jpg\" alt=\"\" class=\"wp-image-176984\" srcset=\"https:\/\/www.tucomarca.com\/wordpress\/segunda\/wp-content\/uploads\/2023\/01\/Cheste_PlenoEnero2023_7-1024x350.jpg 1024w, https:\/\/www.tucomarca.com\/wordpress\/segunda\/wp-content\/uploads\/2023\/01\/Cheste_PlenoEnero2023_7-300x103.jpg 300w, https:\/\/www.tucomarca.com\/wordpress\/segunda\/wp-content\/uploads\/2023\/01\/Cheste_PlenoEnero2023_7-768x263.jpg 768w, https:\/\/www.tucomarca.com\/wordpress\/segunda\/wp-content\/uploads\/2023\/01\/Cheste_PlenoEnero2023_7.jpg 1181w\" sizes=\"auto, (max-width: 1024px) 100vw, 1024px\" \/><\/figure>\n\n\n\n<p>Tal com va explicar la regidora de Benestar Social, M\u00aa \u00c1ngeles Llorente, l&#8217;equip de Serveis Socials comptava amb un termini de 21 mesos per a realitzar aquest pla, que tindr\u00e0 una duraci\u00f3 de 4 anys. El document recull dades sobre la poblaci\u00f3, la situaci\u00f3 actual d&#8217;atur i d&#8217;habitatge, entre altres aspectes; aix\u00ed com informaci\u00f3 sobre el Pla d&#8217;intervenci\u00f3 de serveis socials, el personal dedicat a aix\u00f2, les persones usu\u00e0ries ateses i el grau de satisfacci\u00f3 amb el servei. \u201cFelicite en nom de tot l&#8217;Ajuntament a l&#8217;equip de Serveis Socials pel treball que han realitzat per a redactar el Pla; tot el m\u00e8rit \u00e9s d&#8217;ells\u201d, manifestava la regidora. \u201cGr\u00e0cies a aquest treball hem vist que cal continuar millorant la coordinaci\u00f3 dels Serveis Socials i treballar en qu\u00e8 la informaci\u00f3 sobre aquest servei arribe a la poblaci\u00f3\u201d.<\/p>\n\n\n\n<p>Altres punts del Ple<br>D&#8217;altra banda, es va aprovar el reconeixement extrajudicial de cr\u00e8dit de dos expedients, amb els vots en contra del Partit Popular i del regidor no adscrit, Enrique Peinado. Tamb\u00e9 es va ratificar un\u00e0nimement el Conveni de col\u00b7laboraci\u00f3 per a l&#8217;adhesi\u00f3 de la Plataforma de Ciutats Intel\u00b7ligents Connecta Val\u00e8ncia; i es va aprovar per unanimitat la pr\u00f2rroga de l&#8217;acord de col\u00b7laboraci\u00f3 entre LABORA Servei Valenci\u00e0 d&#8217;Ocupaci\u00f3 i l&#8217;Ajuntament per a la prestaci\u00f3 conjunta de serveis d&#8217;intermediaci\u00f3 laboral mitjan\u00e7ant el Punt Labora.&nbsp;<br>A m\u00e9s, es va aprovar sol\u00b7licitar a conselleria una felicitaci\u00f3 p\u00fablica per als i les policies participants en l&#8217;operatiu del GP 2022 i la proposta de condecoraci\u00f3 amb Distintiu Blau per part del Consell a la direcci\u00f3 de dita operativa. En aquest punt, la regidora de Seguretat, Tal\u00eda Rosell\u00f3, va expressar la intenci\u00f3 de l&#8217;Ajuntament d&#8217;instar el Consell a realitzar una felicitaci\u00f3 p\u00fablica a Protecci\u00f3 Civil. \u201cRebem a 120 persones volunt\u00e0ries durant la celebraci\u00f3 del GP de Motociclisme, que a m\u00e9s d&#8217;oferir el seu servei, porten recursos molt necessaris per a l&#8217;operatiu, com s\u00f3n les ambul\u00e0ncies. Per aix\u00f2 estem estudiant la manera que tamb\u00e9 reben una felicitaci\u00f3 per la seua implicaci\u00f3 i treball\u201d, apuntava Rosell\u00f3.<\/p>\n\n\n\n<p>Pronunciament sobre la forma de gesti\u00f3 del departament de Salut de Manises<br>El nov\u00e9 punt de l&#8217;ordre del dia va ser presentat per la regidora de Sanitat i portaveu d&#8217;Esquerra Unida, M\u00aa \u00c1ngeles Llorente, qui va exposar la Sol\u00b7licitud de Pronunciament sobre la forma de gesti\u00f3 del departament de salut de Manises emesa per la Junta de Personal d&#8217;aquest departament. La sol\u00b7licitud es va resoldre amb la pronunciaci\u00f3 per part de PSOE, Esquerra Unida i Comprom\u00eds a favor de la reversi\u00f3 a una gesti\u00f3 p\u00fablica i amb l&#8217;abstenci\u00f3 a pronunciar-se per part del Partit Popular i del regidor no adscrit.<\/p>\n\n\n\n<p><strong>Mocions<\/strong><br>Finalment, es van presentar dues mocions per part del portaveu de Comprom\u00eds, Jos\u00e9 Vicente Guijarro. La primera expressava el desacord de l&#8217;Ajuntament amb el model de privatitzaci\u00f3 dels departaments de salut de la Sanitat P\u00fablica i es va aprovar amb els vots a favor d&#8217;IU, Comprom\u00eds i PSOE i amb les abstencions del Partit Popular i del regidor no adscrit.\u00a0<br>La segona moci\u00f3 instava el govern a exigir a la Uni\u00f3 Europea que es prohibisquen les importacions de productes agr\u00edcoles procedents de Turquia i Egipte mentre no s&#8217;apliquen les mateixes restriccions quant a l&#8217;\u00fas de fitosanitaris que s&#8217;apliquen als estats membres de la UE; aix\u00ed com a exigir a la UE que implemente un tractament en fred unificat per a totes les importacions agr\u00edcoles de tercers pa\u00efsos seguint el sistema requerit als pa\u00efsos membres de la UE per a l&#8217;exportaci\u00f3 a altres pa\u00efsos. Aquesta moci\u00f3 es va aprovar per unanimitat.<\/p>\n\n\n\n<p><strong>M\u00e9s informaci\u00f3 sobre el projecte Connecta Val\u00e8ncia<br><\/strong>El projecte Connecta Val\u00e8ncia, Territori Tur\u00edstic Intel\u00b7ligent i Sostenible compta amb el finan\u00e7ament de Red.es i de la Diputaci\u00f3 i persegueix els objectius d&#8217;incrementar i millorar la xarxa de comunicacions i la captaci\u00f3 de dades mitjan\u00e7ant la implantaci\u00f3 de sensors i punts wifi; millorar la capacitat del sistema de recepci\u00f3, integraci\u00f3, an\u00e0lisi i protecci\u00f3 de dades; compartir les dades amb els actors p\u00fablics i privats dels sectors implicats; i oferir informaci\u00f3 al ciutad\u00e0 i visitant mitjan\u00e7ant apps, panells i altres dispositius. \u201c\u00c9s un projecte pioner a Espanya que dotar\u00e0 als municipis d&#8217;una infraestructura per a mesurar la mobilitat tur\u00edstica i tamb\u00e9 el seu impacte ambiental per a despr\u00e9s poder analitzar les dades\u201d, explicava l&#8217;alcalde.<\/p>\n","protected":false},"excerpt":{"rendered":"<div class=\"mh-excerpt\">Dijous passat, 26 de gener, el Ple va celebrar una sessi\u00f3 ordin\u00e0ria en la qual es va ratificar el Pla estrat\u00e8gic zonal de Serveis Socials de l&#8217;Ajuntament de Xest.&nbsp; Tal com va explicar la regidora <a class=\"mh-excerpt-more\" href=\"https:\/\/www.tucomarca.com\/wordpress\/segunda\/ca\/el-plenari-ratifica-el-pla-estrategic-zonal-de-serveis-socials-de-lajuntament-de-xest\/\" title=\"El plenari ratifica el Pla estrat\u00e8gic zonal de Serveis Socials de l&#8217;Ajuntament de Xest\">[+] <\/a><\/div>\n","protected":false},"author":12,"featured_media":176983,"comment_status":"open","ping_status":"open","sticky":false,"template":"","format":"standard","meta":{"footnotes":""},"categories":[10948,10894,10912,10947,10896,10974],"tags":[11071,10914,13446],"class_list":{"0":"post-176987","1":"post","2":"type-post","3":"status-publish","4":"format-standard","5":"has-post-thumbnail","7":"category-infraestructuras-ca","8":"category-la-comarca-ca","9":"category-la-hoya-ca","10":"category-politica","11":"category-seccion-ca","12":"category-cheste-ca","13":"tag-cheste","14":"tag-la-hoya-de-bunol-chiva-ca","15":"tag-servicios-sociales-ca"},"_links":{"self":[{"href":"https:\/\/www.tucomarca.com\/wordpress\/segunda\/ca\/wp-json\/wp\/v2\/posts\/176987","targetHints":{"allow":["GET"]}}],"collection":[{"href":"https:\/\/www.tucomarca.com\/wordpress\/segunda\/ca\/wp-json\/wp\/v2\/posts"}],"about":[{"href":"https:\/\/www.tucomarca.com\/wordpress\/segunda\/ca\/wp-json\/wp\/v2\/types\/post"}],"author":[{"embeddable":true,"href":"https:\/\/www.tucomarca.com\/wordpress\/segunda\/ca\/wp-json\/wp\/v2\/users\/12"}],"replies":[{"embeddable":true,"href":"https:\/\/www.tucomarca.com\/wordpress\/segunda\/ca\/wp-json\/wp\/v2\/comments?post=176987"}],"version-history":[{"count":0,"href":"https:\/\/www.tucomarca.com\/wordpress\/segunda\/ca\/wp-json\/wp\/v2\/posts\/176987\/revisions"}],"wp:featuredmedia":[{"embeddable":true,"href":"https:\/\/www.tucomarca.com\/wordpress\/segunda\/ca\/wp-json\/wp\/v2\/media\/176983"}],"wp:attachment":[{"href":"https:\/\/www.tucomarca.com\/wordpress\/segunda\/ca\/wp-json\/wp\/v2\/media?parent=176987"}],"wp:term":[{"taxonomy":"category","embeddable":true,"href":"https:\/\/www.tucomarca.com\/wordpress\/segunda\/ca\/wp-json\/wp\/v2\/categories?post=176987"},{"taxonomy":"post_tag","embeddable":true,"href":"https:\/\/www.tucomarca.com\/wordpress\/segunda\/ca\/wp-json\/wp\/v2\/tags?post=176987"}],"curies":[{"name":"wp","href":"https:\/\/api.w.org\/{rel}","templated":true}]}}