{"id":176995,"date":"2023-01-27T19:00:00","date_gmt":"2023-01-27T17:00:00","guid":{"rendered":"https:\/\/www.tucomarca.com\/wordpress\/segunda\/?p=176995"},"modified":"2023-01-27T19:29:23","modified_gmt":"2023-01-27T17:29:23","slug":"tres-persones-resulten-ferides-en-una-deflagracio-a-godelleta","status":"publish","type":"post","link":"https:\/\/www.tucomarca.com\/wordpress\/segunda\/ca\/tres-persones-resulten-ferides-en-una-deflagracio-a-godelleta\/","title":{"rendered":"Tres persones resulten ferides en una deflagraci\u00f3 a una caseta al terme municipal de Godelleta"},"content":{"rendered":"\n<p>Els serveis sanitaris i de bombers del Consorci Provincial han at\u00e9s aquest divendres a tres persones que han resultat ferides per una deflagraci\u00f3 en una caseta situada en el terme municipal de Godelleta. <\/p>\n\n\n\n<p>Encara que la Gu\u00e0rdia Civil ha obert una investigaci\u00f3 per a intentar aclarir els fets, pel que sembla el succ\u00e9s hauria sigut provocat per una de les tres persones que han resultat ferides; i les altres dues haurien resultat afectades en acudir a aquesta caseta en auxili de la primera. <\/p>\n\n\n\n<p>Al lloc de la deflagraci\u00f3 han acudit al migdia d&#8217;aquest divendres diverses unitats del Consorci Provincial de Bombers, incl\u00f2s el sergent de Paterna i unitats del parc de Xiva, per a auxiliar a les tres persones afectades, les quals han sigut traslladades a un centre sanitari i per les vides del qual no es tem.<\/p>\n\n\n\n<figure class=\"wp-block-image size-large\"><img loading=\"lazy\" decoding=\"async\" width=\"1024\" height=\"768\" src=\"http:\/\/www.tucomarca.com\/wordpress\/segunda\/wp-content\/uploads\/2023\/01\/GodelletaBomberos-1024x768.jpeg\" alt=\"\" class=\"wp-image-176991\" srcset=\"https:\/\/www.tucomarca.com\/wordpress\/segunda\/wp-content\/uploads\/2023\/01\/GodelletaBomberos-1024x768.jpeg 1024w, https:\/\/www.tucomarca.com\/wordpress\/segunda\/wp-content\/uploads\/2023\/01\/GodelletaBomberos-300x225.jpeg 300w, https:\/\/www.tucomarca.com\/wordpress\/segunda\/wp-content\/uploads\/2023\/01\/GodelletaBomberos-768x576.jpeg 768w, https:\/\/www.tucomarca.com\/wordpress\/segunda\/wp-content\/uploads\/2023\/01\/GodelletaBomberos-1536x1152.jpeg 1536w, https:\/\/www.tucomarca.com\/wordpress\/segunda\/wp-content\/uploads\/2023\/01\/GodelletaBomberos-678x509.jpeg 678w, https:\/\/www.tucomarca.com\/wordpress\/segunda\/wp-content\/uploads\/2023\/01\/GodelletaBomberos-326x245.jpeg 326w, https:\/\/www.tucomarca.com\/wordpress\/segunda\/wp-content\/uploads\/2023\/01\/GodelletaBomberos-80x60.jpeg 80w, https:\/\/www.tucomarca.com\/wordpress\/segunda\/wp-content\/uploads\/2023\/01\/GodelletaBomberos.jpeg 2048w\" sizes=\"auto, (max-width: 1024px) 100vw, 1024px\" \/><\/figure>\n","protected":false},"excerpt":{"rendered":"<div class=\"mh-excerpt\">Els serveis sanitaris i de bombers del Consorci Provincial han at\u00e9s aquest divendres a tres persones que han resultat ferides per una deflagraci\u00f3 en una caseta situada en el terme municipal de Godelleta. Encara que <a class=\"mh-excerpt-more\" href=\"https:\/\/www.tucomarca.com\/wordpress\/segunda\/ca\/tres-persones-resulten-ferides-en-una-deflagracio-a-godelleta\/\" title=\"Tres persones resulten ferides en una deflagraci\u00f3 a una caseta al terme municipal de Godelleta\">[+] <\/a><\/div>\n","protected":false},"author":1,"featured_media":176993,"comment_status":"open","ping_status":"open","sticky":false,"template":"","format":"standard","meta":{"footnotes":""},"categories":[10898,10977,10948,10894,10904,10912,10896,10897],"tags":[18754,11087,10914,10901],"class_list":{"0":"post-176995","1":"post","2":"type-post","3":"status-publish","4":"format-standard","5":"has-post-thumbnail","7":"category-ventana-ca","8":"category-godelleta-ca","9":"category-infraestructuras-ca","10":"category-la-comarca-ca","11":"category-sin-categorizar-ca","12":"category-la-hoya-ca","13":"category-seccion-ca","14":"category-sucesos-la-comarca-ca","15":"tag-deflagracion-ca","16":"tag-godelleta-ca","17":"tag-la-hoya-de-bunol-chiva-ca","18":"tag-sucesos-ca"},"_links":{"self":[{"href":"https:\/\/www.tucomarca.com\/wordpress\/segunda\/ca\/wp-json\/wp\/v2\/posts\/176995","targetHints":{"allow":["GET"]}}],"collection":[{"href":"https:\/\/www.tucomarca.com\/wordpress\/segunda\/ca\/wp-json\/wp\/v2\/posts"}],"about":[{"href":"https:\/\/www.tucomarca.com\/wordpress\/segunda\/ca\/wp-json\/wp\/v2\/types\/post"}],"author":[{"embeddable":true,"href":"https:\/\/www.tucomarca.com\/wordpress\/segunda\/ca\/wp-json\/wp\/v2\/users\/1"}],"replies":[{"embeddable":true,"href":"https:\/\/www.tucomarca.com\/wordpress\/segunda\/ca\/wp-json\/wp\/v2\/comments?post=176995"}],"version-history":[{"count":0,"href":"https:\/\/www.tucomarca.com\/wordpress\/segunda\/ca\/wp-json\/wp\/v2\/posts\/176995\/revisions"}],"wp:featuredmedia":[{"embeddable":true,"href":"https:\/\/www.tucomarca.com\/wordpress\/segunda\/ca\/wp-json\/wp\/v2\/media\/176993"}],"wp:attachment":[{"href":"https:\/\/www.tucomarca.com\/wordpress\/segunda\/ca\/wp-json\/wp\/v2\/media?parent=176995"}],"wp:term":[{"taxonomy":"category","embeddable":true,"href":"https:\/\/www.tucomarca.com\/wordpress\/segunda\/ca\/wp-json\/wp\/v2\/categories?post=176995"},{"taxonomy":"post_tag","embeddable":true,"href":"https:\/\/www.tucomarca.com\/wordpress\/segunda\/ca\/wp-json\/wp\/v2\/tags?post=176995"}],"curies":[{"name":"wp","href":"https:\/\/api.w.org\/{rel}","templated":true}]}}