{"id":177009,"date":"2023-01-27T16:00:00","date_gmt":"2023-01-27T14:00:00","guid":{"rendered":"https:\/\/www.tucomarca.com\/wordpress\/segunda\/?p=177009"},"modified":"2023-01-27T19:46:39","modified_gmt":"2023-01-27T17:46:39","slug":"sanitat-notifica-22-defuncions-i-805-nous-casos-de-coronavirus-en-la-comunitat-valenciana-449-dells-en-persones-majors-de-60-anys","status":"publish","type":"post","link":"https:\/\/www.tucomarca.com\/wordpress\/segunda\/ca\/sanitat-notifica-22-defuncions-i-805-nous-casos-de-coronavirus-en-la-comunitat-valenciana-449-dells-en-persones-majors-de-60-anys\/","title":{"rendered":"Sanitat notifica 22 defuncions i 805 nous casos de coronavirus en la Comunitat Valenciana, 449 d&#8217;ells en persones majors de 60 anys"},"content":{"rendered":"\n<h3 class=\"wp-block-heading\"><strong>Els hospitals valencians tenen 177 persones ingressades per COVID, 13 d&#8217;elles en l&#8217;UCI<\/strong><\/h3>\n\n\n\n<p>La Conselleria de Sanitat Universal i Salut P\u00fablica ha notificat un total de 805 nous casos de coronavirus confirmats per prova PCR o a trav\u00e9s de test d&#8217;ant\u00edgens des de l&#8217;\u00faltima actualitzaci\u00f3 divendres passat. Els nous casos per prov\u00edncies s\u00f3n 120 a Castell\u00f3 (195.819 en total), 272 a Alacant (535.299 en total) i 413 a Val\u00e8ncia (852.663 en total).<\/p>\n\n\n\n<p>D&#8217;ells, 449 s\u00f3n de persones majors de 60 anys. Per prov\u00edncies: 70 de Castell\u00f3, 171 d&#8217;Alacant i 208 de Val\u00e8ncia.<\/p>\n\n\n\n<p>Els hospitals valencians tenen actualment 177 persones ingressades per COVID, 13 d&#8217;elles en l&#8217;UCI: 18 a la prov\u00edncia de Castell\u00f3, 0 en UCI; 56 a la prov\u00edncia d&#8217;Alacant, 6 d&#8217;elles en l&#8217;UCI, i 103 a la prov\u00edncia de Val\u00e8ncia, 7 en UCI.<\/p>\n\n\n\n<p>S&#8217;han notificat 22 defuncions per coronavirus des de l&#8217;\u00faltima actualitzaci\u00f3, tots amb defunci\u00f3 en els \u00faltims 15 dies. Es tracta de 12 dones, d&#8217;entre 61 i 100 anys, i 10 homes d&#8217;entre 64 i 91 anys. El total de decessos des de l&#8217;inici de la pand\u00e8mia ascendeix a 10.370: 1.247 a la prov\u00edncia de Castell\u00f3, 3.934 en la d&#8217;Alacant i 5.189 en la de Val\u00e8ncia.<\/p>\n\n\n\n<p><\/p>\n\n\n\n<p><\/p>\n","protected":false},"excerpt":{"rendered":"<div class=\"mh-excerpt\">Els hospitals valencians tenen 177 persones ingressades per COVID, 13 d&#8217;elles en l&#8217;UCI La Conselleria de Sanitat Universal i Salut P\u00fablica ha notificat un total de 805 nous casos de coronavirus confirmats per prova PCR <a class=\"mh-excerpt-more\" href=\"https:\/\/www.tucomarca.com\/wordpress\/segunda\/ca\/sanitat-notifica-22-defuncions-i-805-nous-casos-de-coronavirus-en-la-comunitat-valenciana-449-dells-en-persones-majors-de-60-anys\/\" title=\"Sanitat notifica 22 defuncions i 805 nous casos de coronavirus en la Comunitat Valenciana, 449 d&#8217;ells en persones majors de 60 anys\">[+] <\/a><\/div>\n","protected":false},"author":1,"featured_media":146074,"comment_status":"open","ping_status":"open","sticky":false,"template":"","format":"standard","meta":{"footnotes":""},"categories":[11010,12202,10948,10894,10904,10903,10896,10897],"tags":[11939,11940,11199,13932],"class_list":{"0":"post-177009","1":"post","2":"type-post","3":"status-publish","4":"format-standard","5":"has-post-thumbnail","7":"category-canal-salud","8":"category-covid-19-ca","9":"category-infraestructuras-ca","10":"category-la-comarca-ca","11":"category-sin-categorizar-ca","12":"category-medio-ambiente-la-comarca-ca","13":"category-seccion-ca","14":"category-sucesos-la-comarca-ca","15":"tag-coronavirus-ca","16":"tag-covid-19-ca","17":"tag-la-comunitat-ca","18":"tag-vacunas-ca"},"_links":{"self":[{"href":"https:\/\/www.tucomarca.com\/wordpress\/segunda\/ca\/wp-json\/wp\/v2\/posts\/177009","targetHints":{"allow":["GET"]}}],"collection":[{"href":"https:\/\/www.tucomarca.com\/wordpress\/segunda\/ca\/wp-json\/wp\/v2\/posts"}],"about":[{"href":"https:\/\/www.tucomarca.com\/wordpress\/segunda\/ca\/wp-json\/wp\/v2\/types\/post"}],"author":[{"embeddable":true,"href":"https:\/\/www.tucomarca.com\/wordpress\/segunda\/ca\/wp-json\/wp\/v2\/users\/1"}],"replies":[{"embeddable":true,"href":"https:\/\/www.tucomarca.com\/wordpress\/segunda\/ca\/wp-json\/wp\/v2\/comments?post=177009"}],"version-history":[{"count":0,"href":"https:\/\/www.tucomarca.com\/wordpress\/segunda\/ca\/wp-json\/wp\/v2\/posts\/177009\/revisions"}],"wp:featuredmedia":[{"embeddable":true,"href":"https:\/\/www.tucomarca.com\/wordpress\/segunda\/ca\/wp-json\/wp\/v2\/media\/146074"}],"wp:attachment":[{"href":"https:\/\/www.tucomarca.com\/wordpress\/segunda\/ca\/wp-json\/wp\/v2\/media?parent=177009"}],"wp:term":[{"taxonomy":"category","embeddable":true,"href":"https:\/\/www.tucomarca.com\/wordpress\/segunda\/ca\/wp-json\/wp\/v2\/categories?post=177009"},{"taxonomy":"post_tag","embeddable":true,"href":"https:\/\/www.tucomarca.com\/wordpress\/segunda\/ca\/wp-json\/wp\/v2\/tags?post=177009"}],"curies":[{"name":"wp","href":"https:\/\/api.w.org\/{rel}","templated":true}]}}