{"id":177031,"date":"2023-01-27T18:40:00","date_gmt":"2023-01-27T16:40:00","guid":{"rendered":"https:\/\/www.tucomarca.com\/wordpress\/segunda\/?p=177031"},"modified":"2023-01-27T23:54:38","modified_gmt":"2023-01-27T21:54:38","slug":"avinguda-corts-valencianes-de-turis-presenta-aquest-dissabte-a-begona-soler-i-azahara-segura-com-a-falleres-majors-2023-2","status":"publish","type":"post","link":"https:\/\/www.tucomarca.com\/wordpress\/segunda\/ca\/avinguda-corts-valencianes-de-turis-presenta-aquest-dissabte-a-begona-soler-i-azahara-segura-com-a-falleres-majors-2023-2\/","title":{"rendered":"Avinguda Corts Valencianes de Tur\u00eds presenta aquest dissabte a Bego\u00f1a Soler i Azahara Segura com a Falleres Majors 2023"},"content":{"rendered":"\n<p>La comissi\u00f3 de Avinguda Corts Valencianes de Tur\u00eds presenta aquest dissabte, 28 de gener a les 18,00 hores, en l&#8217;incomparable marc del Teatre Ideal, a Bego\u00f1a Soler Lozano i Azahara Segura Pic\u00f3 com a Falleres Majors 2023, acompanyades pel President Infantil, Pablo Segura Pic\u00f3 i el veter\u00e0 President, Jos\u00e9 Segura.<\/p>\n\n\n\n<p>Despr\u00e9s de l&#8217;acte de presentaci\u00f3, la comissi\u00f3 interpretar\u00e0 l&#8217;obra de teatre &#8220;El Refugi de les Corts&#8221;.<\/p>\n\n\n\n<p><\/p>\n","protected":false},"excerpt":{"rendered":"<div class=\"mh-excerpt\">La comissi\u00f3 de Avinguda Corts Valencianes de Tur\u00eds presenta aquest dissabte, 28 de gener a les 18,00 hores, en l&#8217;incomparable marc del Teatre Ideal, a Bego\u00f1a Soler Lozano i Azahara Segura Pic\u00f3 com a Falleres <a class=\"mh-excerpt-more\" href=\"https:\/\/www.tucomarca.com\/wordpress\/segunda\/ca\/avinguda-corts-valencianes-de-turis-presenta-aquest-dissabte-a-begona-soler-i-azahara-segura-com-a-falleres-majors-2023-2\/\" title=\"Avinguda Corts Valencianes de Tur\u00eds presenta aquest dissabte a Bego\u00f1a Soler i Azahara Segura com a Falleres Majors 2023\">[+] <\/a><\/div>\n","protected":false},"author":12,"featured_media":177030,"comment_status":"open","ping_status":"open","sticky":false,"template":"","format":"standard","meta":{"footnotes":""},"categories":[10905,10977,10894,10912,10903,10896],"tags":[15579,11087,10914],"class_list":{"0":"post-177031","1":"post","2":"type-post","3":"status-publish","4":"format-standard","5":"has-post-thumbnail","7":"category-agricultura-la-comarca-ca","8":"category-godelleta-ca","9":"category-la-comarca-ca","10":"category-la-hoya-ca","11":"category-medio-ambiente-la-comarca-ca","12":"category-seccion-ca","13":"tag-energias-renovables-ca","14":"tag-godelleta-ca","15":"tag-la-hoya-de-bunol-chiva-ca"},"_links":{"self":[{"href":"https:\/\/www.tucomarca.com\/wordpress\/segunda\/ca\/wp-json\/wp\/v2\/posts\/177031","targetHints":{"allow":["GET"]}}],"collection":[{"href":"https:\/\/www.tucomarca.com\/wordpress\/segunda\/ca\/wp-json\/wp\/v2\/posts"}],"about":[{"href":"https:\/\/www.tucomarca.com\/wordpress\/segunda\/ca\/wp-json\/wp\/v2\/types\/post"}],"author":[{"embeddable":true,"href":"https:\/\/www.tucomarca.com\/wordpress\/segunda\/ca\/wp-json\/wp\/v2\/users\/12"}],"replies":[{"embeddable":true,"href":"https:\/\/www.tucomarca.com\/wordpress\/segunda\/ca\/wp-json\/wp\/v2\/comments?post=177031"}],"version-history":[{"count":0,"href":"https:\/\/www.tucomarca.com\/wordpress\/segunda\/ca\/wp-json\/wp\/v2\/posts\/177031\/revisions"}],"wp:featuredmedia":[{"embeddable":true,"href":"https:\/\/www.tucomarca.com\/wordpress\/segunda\/ca\/wp-json\/wp\/v2\/media\/177030"}],"wp:attachment":[{"href":"https:\/\/www.tucomarca.com\/wordpress\/segunda\/ca\/wp-json\/wp\/v2\/media?parent=177031"}],"wp:term":[{"taxonomy":"category","embeddable":true,"href":"https:\/\/www.tucomarca.com\/wordpress\/segunda\/ca\/wp-json\/wp\/v2\/categories?post=177031"},{"taxonomy":"post_tag","embeddable":true,"href":"https:\/\/www.tucomarca.com\/wordpress\/segunda\/ca\/wp-json\/wp\/v2\/tags?post=177031"}],"curies":[{"name":"wp","href":"https:\/\/api.w.org\/{rel}","templated":true}]}}